{"id":15017,"date":"2024-07-30T18:00:00","date_gmt":"2024-07-30T21:00:00","guid":{"rendered":"https:\/\/noticiasdestaque.com.br\/index.php\/2024\/07\/30\/previsao-do-tempo-quarta-feira-31-com-alerta-para-queda-de-temperatura-e-baixa-umidade-em-minas-gerais\/"},"modified":"2024-07-30T18:00:00","modified_gmt":"2024-07-30T21:00:00","slug":"previsao-do-tempo-quarta-feira-31-com-alerta-para-queda-de-temperatura-e-baixa-umidade-em-minas-gerais","status":"publish","type":"post","link":"https:\/\/noticiasdestaque.com.br\/index.php\/2024\/07\/30\/previsao-do-tempo-quarta-feira-31-com-alerta-para-queda-de-temperatura-e-baixa-umidade-em-minas-gerais\/","title":{"rendered":"PREVIS\u00c3O DO TEMPO: quarta-feira (31) com alerta para queda de temperatura e baixa umidade em Minas Gerais"},"content":{"rendered":"<p>\t\t\t\t\t\t\t\t\t\t<audio controls class=\"b61_audio_player\" data-noticia=\"73713\" src=\"https:\/\/brasil61.com\/rails\/active_storage\/blobs\/eyJfcmFpbHMiOnsibWVzc2FnZSI6IkJBaHBBLzdvQWc9PSIsImV4cCI6bnVsbCwicHVyIjoiYmxvYl9pZCJ9fQ==--b7aabdfd7cb1c4e5d052bab2a4ae3c0c4cfca8a4\/PTSD243697A\"><\/audio><\/p>\n<p>Nesta quarta-feira (31), o Instituto Nacional de Meteorologia (Inmet) alerta para para perigo potencial de queda de temperatura na Zona da Mata, Campo das Vertentes, oeste,\u00a0sul e sudoeste de Minas, atingindo cidades como Barbacena, Extrema e Itajub\u00e1.<\/p>\n<p>Tamb\u00e9m h\u00e1 alerta para baixa umidade no Tri\u00e2ngulo Mineiro\/Alto Parana\u00edba e Noroeste de Minas.\u00a0<\/p>\n<p>O dia come\u00e7a com varia\u00e7\u00e3o entre muitas e poucas nuvens e sem previs\u00e3o de chuva em todo o estado de Minas Gerais. \u00c0 tarde, chuvas isoladas s\u00e3o esperadas apenas na cidade de Salto da Divisa. \u00c0 noite, as precipita\u00e7\u00f5es se espalham para os munic\u00edpios de Santo Ant\u00f4nio do Jacinto, Palm\u00f3polis, Umburatiba, Carlos Chagas, Nanuque e Serra dos Aimor\u00e9s.<\/p>\n<p>A temperatura m\u00ednima fica em torno de 9\u00b0C, em Sapuca\u00ed-Mirim, e a m\u00e1xima prevista \u00e9 de 31\u00baC, em Buritizeiro. A umidade relativa do ar varia entre 30% e 80%.<\/p>\n<p>As informa\u00e7\u00f5es s\u00e3o do Instituto Nacional de Meteorologia.<br \/>\n\u00a0<\/p>\n<p>\t\t\t\t\t\t\t\t\t<img loading=\"lazy\" decoding=\"async\" src=\"https:\/\/brasil61.com\/api\/v1\/serve_pixel\/17677\/73713\" alt=\"Pixel Brasil 61\" class=\"b61_pixel\" width=\"0\" height=\"0\"><\/p>\n<input type=\"hidden\" id=\"baseurl\" value=\"https:\/\/noticiasdestaque.com.br\"><input type=\"hidden\" id=\"audio_nonce\" value=\"6f73a554f1\">","protected":false},"excerpt":{"rendered":"<p>A temperatura pode variar entre 9\u00baC e 31\u00baC<\/p>\n","protected":false},"author":1,"featured_media":15018,"comment_status":"open","ping_status":"open","sticky":false,"template":"","format":"standard","meta":{"fifu_image_url":"","fifu_image_alt":"","footnotes":""},"categories":[58],"tags":[],"class_list":["post-15017","post","type-post","status-publish","format-standard","has-post-thumbnail","hentry","category-cotidiano"],"distributor_meta":false,"distributor_terms":false,"distributor_media":false,"distributor_original_site_name":"Noticias em Destaque","distributor_original_site_url":"https:\/\/noticiasdestaque.com.br","push-errors":false,"_links":{"self":[{"href":"https:\/\/noticiasdestaque.com.br\/index.php\/wp-json\/wp\/v2\/posts\/15017","targetHints":{"allow":["GET"]}}],"collection":[{"href":"https:\/\/noticiasdestaque.com.br\/index.php\/wp-json\/wp\/v2\/posts"}],"about":[{"href":"https:\/\/noticiasdestaque.com.br\/index.php\/wp-json\/wp\/v2\/types\/post"}],"author":[{"embeddable":true,"href":"https:\/\/noticiasdestaque.com.br\/index.php\/wp-json\/wp\/v2\/users\/1"}],"replies":[{"embeddable":true,"href":"https:\/\/noticiasdestaque.com.br\/index.php\/wp-json\/wp\/v2\/comments?post=15017"}],"version-history":[{"count":0,"href":"https:\/\/noticiasdestaque.com.br\/index.php\/wp-json\/wp\/v2\/posts\/15017\/revisions"}],"wp:featuredmedia":[{"embeddable":true,"href":"https:\/\/noticiasdestaque.com.br\/index.php\/wp-json\/wp\/v2\/media\/15018"}],"wp:attachment":[{"href":"https:\/\/noticiasdestaque.com.br\/index.php\/wp-json\/wp\/v2\/media?parent=15017"}],"wp:term":[{"taxonomy":"category","embeddable":true,"href":"https:\/\/noticiasdestaque.com.br\/index.php\/wp-json\/wp\/v2\/categories?post=15017"},{"taxonomy":"post_tag","embeddable":true,"href":"https:\/\/noticiasdestaque.com.br\/index.php\/wp-json\/wp\/v2\/tags?post=15017"}],"curies":[{"name":"wp","href":"https:\/\/api.w.org\/{rel}","templated":true}]}}