{"id":14979,"date":"2024-07-29T18:00:00","date_gmt":"2024-07-29T21:00:00","guid":{"rendered":"https:\/\/noticiasdestaque.com.br\/index.php\/2024\/07\/29\/previsao-do-tempo-terca-feira-30-com-alerta-para-queda-de-temperatura-e-baixa-umidade-em-minas-gerais\/"},"modified":"2024-07-29T18:00:00","modified_gmt":"2024-07-29T21:00:00","slug":"previsao-do-tempo-terca-feira-30-com-alerta-para-queda-de-temperatura-e-baixa-umidade-em-minas-gerais","status":"publish","type":"post","link":"https:\/\/noticiasdestaque.com.br\/index.php\/2024\/07\/29\/previsao-do-tempo-terca-feira-30-com-alerta-para-queda-de-temperatura-e-baixa-umidade-em-minas-gerais\/","title":{"rendered":"PREVIS\u00c3O DO TEMPO: ter\u00e7a-feira (30) com alerta para queda de temperatura e baixa umidade em Minas Gerais"},"content":{"rendered":"<p>\t\t\t\t\t\t\t\t\t\t<audio controls class=\"b61_audio_player\" data-noticia=\"73666\" src=\"https:\/\/brasil61.com\/rails\/active_storage\/blobs\/eyJfcmFpbHMiOnsibWVzc2FnZSI6IkJBaHBBeXZvQWc9PSIsImV4cCI6bnVsbCwicHVyIjoiYmxvYl9pZCJ9fQ==--1637fc48b876671b21bcd2e32dbab8890f78f310\/PTSD243693A\"><\/audio><\/p>\n<p>Nesta ter\u00e7a-feira (30), o Instituto Nacional de Meteorologia (Inmet) alerta para para perigo potencial de queda de temperatura na Zona da Mata, Campo das Vertentes, sul, sudoeste e oeste de Minas, atingindo cidades como Cataguases, Extrema e Juiz de Fora.\u00a0<\/p>\n<p>Tamb\u00e9m h\u00e1 alerta para baixa umidade na Metropolitana de Belo Horizonte, Jequitinhonha, tri\u00e2ngulo mineiro, alto Parana\u00edba, central, sul, sudoeste, oeste, noroeste e norte de minas.\u00a0<\/p>\n<p>O dia come\u00e7a com possibilidade de chuva nas cidades de Jacinto, Santa Maria do Salto, Salto da Divisa e Jord\u00e2nia. Durante a tarde, chuvas isoladas s\u00e3o esperadas nas microrregi\u00f5es de Po\u00e7os de Caldas, Pouso Alegre, Santa Rita do Sapuca\u00ed, S\u00e3o Louren\u00e7o, Andrel\u00e2ndia, Itajub\u00e1, Juiz de Fora e Cataguases. \u00c0 noite, as chuvas se espalham por todo o Campo das Vertentes, Zona da Mata e tamb\u00e9m atingem as microrregi\u00f5es de Alfenas e Varginha.<\/p>\n<p>A temperatura m\u00ednima fica em torno de 8\u00b0C, em Itamonte, e a m\u00e1xima prevista \u00e9 de 34\u00baC, em Uberl\u00e2ndia. A umidade relativa do ar varia entre 25% e 75%.<\/p>\n<p>As informa\u00e7\u00f5es s\u00e3o do Instituto Nacional de Meteorologia.<br \/>\n\u00a0<\/p>\n<p>\t\t\t\t\t\t\t\t\t<img loading=\"lazy\" decoding=\"async\" src=\"https:\/\/brasil61.com\/api\/v1\/serve_pixel\/17677\/73666\" alt=\"Pixel Brasil 61\" class=\"b61_pixel\" width=\"0\" height=\"0\"><\/p>\n<input type=\"hidden\" id=\"baseurl\" value=\"https:\/\/noticiasdestaque.com.br\"><input type=\"hidden\" id=\"audio_nonce\" value=\"6a24ca502e\">","protected":false},"excerpt":{"rendered":"<p>A temperatura pode variar entre 8\u00baC e 34\u00baC<\/p>\n","protected":false},"author":1,"featured_media":14980,"comment_status":"open","ping_status":"open","sticky":false,"template":"","format":"standard","meta":{"fifu_image_url":"","fifu_image_alt":"","footnotes":""},"categories":[58],"tags":[],"class_list":["post-14979","post","type-post","status-publish","format-standard","has-post-thumbnail","hentry","category-cotidiano"],"distributor_meta":false,"distributor_terms":false,"distributor_media":false,"distributor_original_site_name":"Noticias em Destaque","distributor_original_site_url":"https:\/\/noticiasdestaque.com.br","push-errors":false,"_links":{"self":[{"href":"https:\/\/noticiasdestaque.com.br\/index.php\/wp-json\/wp\/v2\/posts\/14979","targetHints":{"allow":["GET"]}}],"collection":[{"href":"https:\/\/noticiasdestaque.com.br\/index.php\/wp-json\/wp\/v2\/posts"}],"about":[{"href":"https:\/\/noticiasdestaque.com.br\/index.php\/wp-json\/wp\/v2\/types\/post"}],"author":[{"embeddable":true,"href":"https:\/\/noticiasdestaque.com.br\/index.php\/wp-json\/wp\/v2\/users\/1"}],"replies":[{"embeddable":true,"href":"https:\/\/noticiasdestaque.com.br\/index.php\/wp-json\/wp\/v2\/comments?post=14979"}],"version-history":[{"count":0,"href":"https:\/\/noticiasdestaque.com.br\/index.php\/wp-json\/wp\/v2\/posts\/14979\/revisions"}],"wp:featuredmedia":[{"embeddable":true,"href":"https:\/\/noticiasdestaque.com.br\/index.php\/wp-json\/wp\/v2\/media\/14980"}],"wp:attachment":[{"href":"https:\/\/noticiasdestaque.com.br\/index.php\/wp-json\/wp\/v2\/media?parent=14979"}],"wp:term":[{"taxonomy":"category","embeddable":true,"href":"https:\/\/noticiasdestaque.com.br\/index.php\/wp-json\/wp\/v2\/categories?post=14979"},{"taxonomy":"post_tag","embeddable":true,"href":"https:\/\/noticiasdestaque.com.br\/index.php\/wp-json\/wp\/v2\/tags?post=14979"}],"curies":[{"name":"wp","href":"https:\/\/api.w.org\/{rel}","templated":true}]}}