{"id":14957,"date":"2024-07-29T18:00:00","date_gmt":"2024-07-29T21:00:00","guid":{"rendered":"https:\/\/noticiasdestaque.com.br\/index.php\/2024\/07\/29\/previsao-do-tempo-terca-feira-30-com-alerta-para-queda-de-temperaturas-e-acumulado-de-chuva-no-rio-de-janeiro\/"},"modified":"2024-07-29T18:00:00","modified_gmt":"2024-07-29T21:00:00","slug":"previsao-do-tempo-terca-feira-30-com-alerta-para-queda-de-temperaturas-e-acumulado-de-chuva-no-rio-de-janeiro","status":"publish","type":"post","link":"https:\/\/noticiasdestaque.com.br\/index.php\/2024\/07\/29\/previsao-do-tempo-terca-feira-30-com-alerta-para-queda-de-temperaturas-e-acumulado-de-chuva-no-rio-de-janeiro\/","title":{"rendered":"PREVIS\u00c3O DO TEMPO: ter\u00e7a-feira (30) com alerta para queda de temperaturas e acumulado de chuva no Rio de Janeiro"},"content":{"rendered":"<p>\t\t\t\t\t\t\t\t\t\t<audio controls class=\"b61_audio_player\" data-noticia=\"73665\" src=\"https:\/\/brasil61.com\/rails\/active_storage\/blobs\/eyJfcmFpbHMiOnsibWVzc2FnZSI6IkJBaHBBeXJvQWc9PSIsImV4cCI6bnVsbCwicHVyIjoiYmxvYl9pZCJ9fQ==--d43931f2e06f3c59f810890ca972cf5563579258\/PTSD243692A\"><\/audio><\/p>\n<p>Nesta ter\u00e7a-feira (30), o Instituto Nacional de Meteorologia (Inmet) alerta para perigo potencial de queda de temperatura em todo o estado do Rio de Janeiro, atingindo cidades como Volta Redonda, S\u00e3o Sebasti\u00e3o do Alto e Cordeiro.<\/p>\n<p>Tamb\u00e9m h\u00e1 alerta para perigo potencial de acumulado de chuva no sul fluminense, Baixadas e Metropolitana do Rio de Janeiro.<\/p>\n<p>O dia come\u00e7a com chuva em grande parte do estado, com exce\u00e7\u00e3o do noroeste e norte fluminenses, onde n\u00e3o h\u00e1 previs\u00e3o de chuva pela manh\u00e3. Durante a tarde, as chuvas atingem quase todo o Rio de Janeiro, com exce\u00e7\u00e3o do noroeste fluminense e na cidade de Itabapoana. \u00c0 noite, precipita\u00e7\u00f5es s\u00e3o previstas em todo o estado.<\/p>\n<p>A temperatura m\u00ednima fica em torno de 7\u00b0C, em Resende, e a m\u00e1xima prevista \u00e9 de 27\u00baC, em Natividade. A umidade relativa do ar varia entre 80% e 95%.<\/p>\n<p>As informa\u00e7\u00f5es s\u00e3o do Instituto Nacional de Meteorologia.<\/p>\n<p>\n\u00a0<\/p>\n<p>\t\t\t\t\t\t\t\t\t<img loading=\"lazy\" decoding=\"async\" src=\"https:\/\/brasil61.com\/api\/v1\/serve_pixel\/17677\/73665\" alt=\"Pixel Brasil 61\" class=\"b61_pixel\" width=\"0\" height=\"0\"><\/p>\n<input type=\"hidden\" id=\"baseurl\" value=\"https:\/\/noticiasdestaque.com.br\"><input type=\"hidden\" id=\"audio_nonce\" value=\"6f73a554f1\">","protected":false},"excerpt":{"rendered":"<p>A temperatura pode variar entre 7\u00baC e 27\u00baC<\/p>\n","protected":false},"author":1,"featured_media":14958,"comment_status":"open","ping_status":"open","sticky":false,"template":"","format":"standard","meta":{"fifu_image_url":"","fifu_image_alt":"","footnotes":""},"categories":[58],"tags":[],"class_list":["post-14957","post","type-post","status-publish","format-standard","has-post-thumbnail","hentry","category-cotidiano"],"distributor_meta":false,"distributor_terms":false,"distributor_media":false,"distributor_original_site_name":"Noticias em Destaque","distributor_original_site_url":"https:\/\/noticiasdestaque.com.br","push-errors":false,"_links":{"self":[{"href":"https:\/\/noticiasdestaque.com.br\/index.php\/wp-json\/wp\/v2\/posts\/14957","targetHints":{"allow":["GET"]}}],"collection":[{"href":"https:\/\/noticiasdestaque.com.br\/index.php\/wp-json\/wp\/v2\/posts"}],"about":[{"href":"https:\/\/noticiasdestaque.com.br\/index.php\/wp-json\/wp\/v2\/types\/post"}],"author":[{"embeddable":true,"href":"https:\/\/noticiasdestaque.com.br\/index.php\/wp-json\/wp\/v2\/users\/1"}],"replies":[{"embeddable":true,"href":"https:\/\/noticiasdestaque.com.br\/index.php\/wp-json\/wp\/v2\/comments?post=14957"}],"version-history":[{"count":0,"href":"https:\/\/noticiasdestaque.com.br\/index.php\/wp-json\/wp\/v2\/posts\/14957\/revisions"}],"wp:featuredmedia":[{"embeddable":true,"href":"https:\/\/noticiasdestaque.com.br\/index.php\/wp-json\/wp\/v2\/media\/14958"}],"wp:attachment":[{"href":"https:\/\/noticiasdestaque.com.br\/index.php\/wp-json\/wp\/v2\/media?parent=14957"}],"wp:term":[{"taxonomy":"category","embeddable":true,"href":"https:\/\/noticiasdestaque.com.br\/index.php\/wp-json\/wp\/v2\/categories?post=14957"},{"taxonomy":"post_tag","embeddable":true,"href":"https:\/\/noticiasdestaque.com.br\/index.php\/wp-json\/wp\/v2\/tags?post=14957"}],"curies":[{"name":"wp","href":"https:\/\/api.w.org\/{rel}","templated":true}]}}