{"id":14923,"date":"2024-07-29T18:00:00","date_gmt":"2024-07-29T21:00:00","guid":{"rendered":"https:\/\/noticiasdestaque.com.br\/index.php\/2024\/07\/29\/previsao-do-tempo-terca-feira-30-tem-alerta-para-queda-de-temperatura-e-geadas-no-rio-grande-do-sul\/"},"modified":"2024-07-29T18:00:00","modified_gmt":"2024-07-29T21:00:00","slug":"previsao-do-tempo-terca-feira-30-tem-alerta-para-queda-de-temperatura-e-geadas-no-rio-grande-do-sul","status":"publish","type":"post","link":"https:\/\/noticiasdestaque.com.br\/index.php\/2024\/07\/29\/previsao-do-tempo-terca-feira-30-tem-alerta-para-queda-de-temperatura-e-geadas-no-rio-grande-do-sul\/","title":{"rendered":"PREVIS\u00c3O DO TEMPO: ter\u00e7a-feira (30) tem alerta para queda de temperatura e geadas no Rio Grande do Sul"},"content":{"rendered":"<p>\t\t\t\t\t\t\t\t\t\t<audio controls class=\"b61_audio_player\" data-noticia=\"73640\" src=\"https:\/\/brasil61.com\/rails\/active_storage\/blobs\/eyJfcmFpbHMiOnsibWVzc2FnZSI6IkJBaHBBKy9uQWc9PSIsImV4cCI6bnVsbCwicHVyIjoiYmxvYl9pZCJ9fQ==--8853f7d66c97cde81ec219566c71b6698420b9e6\/PTRS243600A\"><\/audio><\/p>\n<p>Nesta ter\u00e7a-feira (30), o Instituto Nacional de Meteorologia (Inmet) alerta para perigo de decl\u00ednio de temperaturas em todo o Rio Grande do Sul, atingindo munic\u00edpios como Santa Maria e N\u00e3o-Me-Toque.<\/p>\n<p>Tamb\u00e9m h\u00e1 alerta para geada na Metropolitana de Porto Alegre, sudoeste, sudeste, centro oriental e centro ocidental ga\u00facho, atingindo cidades como Camaqu\u00e3 e Pelotas.<\/p>\n<p>O dia come\u00e7a com geadas no sudoeste, centro oriental, centro ocidental ga\u00facho e microrregi\u00f5es Jaguar\u00e3o, Serras de Sudeste, Iju\u00ed, Cruz Alta e Soledade. Nas demais localidades, varia\u00e7\u00e3o entre muitas e poucas nuvens.<\/p>\n<p>Durante a tarde, n\u00e3o h\u00e1 previs\u00e3o de geadas. Tempo encoberto na Metropolitana de Porto Alegre, nordeste e noroeste ga\u00facho. Nas demais localidades do estado, varia\u00e7\u00e3o entre muitas e poucas nuvens. \u00c0 noite, s\u00e3o esperadas\u00a0muitas nuvens apenas nas microrregi\u00f5es de Sananduva, Erechim, Frederico Westphalen, Tr\u00eas Passos, Santa Rosa, Cerro Largo, Santo \u00c2ngelo, Iju\u00ed, Santiago, Santa Maria, Campanha Ocidental e Campanha Central.\u00a0<\/p>\n<p>A temperatura m\u00ednima fica em torno de 1\u00b0C, em Dom Pedrito, e a m\u00e1xima prevista \u00e9 de 21\u00baC, em Santo Ant\u00f4nio das Miss\u00f5es. A umidade relativa do ar varia entre 65% e 100%.<\/p>\n<p>As informa\u00e7\u00f5es s\u00e3o do Instituto Nacional de Meteorologia.<\/p>\n<p>\t\t\t\t\t\t\t\t\t<img loading=\"lazy\" decoding=\"async\" src=\"https:\/\/brasil61.com\/api\/v1\/serve_pixel\/17677\/73640\" alt=\"Pixel Brasil 61\" class=\"b61_pixel\" width=\"0\" height=\"0\"><\/p>\n<input type=\"hidden\" id=\"baseurl\" value=\"https:\/\/noticiasdestaque.com.br\"><input type=\"hidden\" id=\"audio_nonce\" value=\"6f73a554f1\">","protected":false},"excerpt":{"rendered":"<p>A temperatura pode variar entre 1\u00baC e 21\u00baC<\/p>\n","protected":false},"author":1,"featured_media":14924,"comment_status":"open","ping_status":"open","sticky":false,"template":"","format":"standard","meta":{"fifu_image_url":"","fifu_image_alt":"","footnotes":""},"categories":[58],"tags":[],"class_list":["post-14923","post","type-post","status-publish","format-standard","has-post-thumbnail","hentry","category-cotidiano"],"distributor_meta":false,"distributor_terms":false,"distributor_media":false,"distributor_original_site_name":"Noticias em Destaque","distributor_original_site_url":"https:\/\/noticiasdestaque.com.br","push-errors":false,"_links":{"self":[{"href":"https:\/\/noticiasdestaque.com.br\/index.php\/wp-json\/wp\/v2\/posts\/14923","targetHints":{"allow":["GET"]}}],"collection":[{"href":"https:\/\/noticiasdestaque.com.br\/index.php\/wp-json\/wp\/v2\/posts"}],"about":[{"href":"https:\/\/noticiasdestaque.com.br\/index.php\/wp-json\/wp\/v2\/types\/post"}],"author":[{"embeddable":true,"href":"https:\/\/noticiasdestaque.com.br\/index.php\/wp-json\/wp\/v2\/users\/1"}],"replies":[{"embeddable":true,"href":"https:\/\/noticiasdestaque.com.br\/index.php\/wp-json\/wp\/v2\/comments?post=14923"}],"version-history":[{"count":0,"href":"https:\/\/noticiasdestaque.com.br\/index.php\/wp-json\/wp\/v2\/posts\/14923\/revisions"}],"wp:featuredmedia":[{"embeddable":true,"href":"https:\/\/noticiasdestaque.com.br\/index.php\/wp-json\/wp\/v2\/media\/14924"}],"wp:attachment":[{"href":"https:\/\/noticiasdestaque.com.br\/index.php\/wp-json\/wp\/v2\/media?parent=14923"}],"wp:term":[{"taxonomy":"category","embeddable":true,"href":"https:\/\/noticiasdestaque.com.br\/index.php\/wp-json\/wp\/v2\/categories?post=14923"},{"taxonomy":"post_tag","embeddable":true,"href":"https:\/\/noticiasdestaque.com.br\/index.php\/wp-json\/wp\/v2\/tags?post=14923"}],"curies":[{"name":"wp","href":"https:\/\/api.w.org\/{rel}","templated":true}]}}