{"id":14915,"date":"2024-07-28T18:06:00","date_gmt":"2024-07-28T21:06:00","guid":{"rendered":"https:\/\/noticiasdestaque.com.br\/index.php\/2024\/07\/28\/tempo-seco-e-ensolarado-prevalece-nos-estados-do-sudeste\/"},"modified":"2024-07-28T18:06:00","modified_gmt":"2024-07-28T21:06:00","slug":"tempo-seco-e-ensolarado-prevalece-nos-estados-do-sudeste","status":"publish","type":"post","link":"https:\/\/noticiasdestaque.com.br\/index.php\/2024\/07\/28\/tempo-seco-e-ensolarado-prevalece-nos-estados-do-sudeste\/","title":{"rendered":"Tempo seco e ensolarado prevalece nos estados do Sudeste"},"content":{"rendered":"<p>\t\t\t\t\t\t\t\t\t\t<audio controls class=\"b61_audio_player\" data-noticia=\"73631\" src=\"https:\/\/brasil61.com\/rails\/active_storage\/blobs\/eyJfcmFpbHMiOnsibWVzc2FnZSI6IkJBaHBBODduQWc9PSIsImV4cCI6bnVsbCwicHVyIjoiYmxvYl9pZCJ9fQ==--3250cb481c7405075718551f68420a4208bc7fef\/PTSD243690A\"><\/audio><\/p>\n<p>A segunda-feira come\u00e7a com tempo firme, ensolarado e seco em toda a regi\u00e3o Sudeste. No Rio de Janeiro, faz calor na capital neste come\u00e7o de semana. Com sol forte e sem previs\u00e3o de chuva para nenhum per\u00edodo do dia, a cidade registra grande amplitude t\u00e9rmica \u2013 que \u00e9 a varia\u00e7\u00e3o entre as temperaturas m\u00ednimas e m\u00e1ximas. Fica entre 17 e 32 graus.\u00a0<\/p>\n<p>Alerta de perigo potencial por conta da baixa umidade do ar vale para o oeste de Minas Gerais e para praticamente todo o estado de S\u00e3o Paulo, onde a umidade pode atingir entre 30 e 20%.\u00a0<\/p>\n<p>Em Minas Gerais todas as regi\u00f5es t\u00eam previs\u00e3o de sol, poucas nuvens e tempo seco. A varia\u00e7\u00e3o da amplitude t\u00e9rmica tamb\u00e9m \u00e9 grande e a umidade relativa do ar pode chegar a 30% em v\u00e1rias cidades, como Belo Horizonte. Esp\u00edrito Santo e S\u00e3o Paulo tem tend\u00eancia de tempo seco, com poucas nuvens. As temperaturas ficam entre 18 e 30 graus na capital, Vit\u00f3ria, e na paulista, entre 13 e 23 graus.<br \/>\n\u00a0<\/p>\n<p>\t\t\t\t\t\t\t\t\t<img loading=\"lazy\" decoding=\"async\" src=\"https:\/\/brasil61.com\/api\/v1\/serve_pixel\/17677\/73631\" alt=\"Pixel Brasil 61\" class=\"b61_pixel\" width=\"0\" height=\"0\"><\/p>\n<input type=\"hidden\" id=\"baseurl\" value=\"https:\/\/noticiasdestaque.com.br\"><input type=\"hidden\" id=\"audio_nonce\" value=\"6f73a554f1\">","protected":false},"excerpt":{"rendered":"<p>Manh\u00e3s frias e dias quentes marcam o in\u00edcio de semana em todas as capitais, Rio de Janeiro tem m\u00e1xima prevista de 32 graus para esta segunda<\/p>\n","protected":false},"author":1,"featured_media":14916,"comment_status":"open","ping_status":"open","sticky":false,"template":"","format":"standard","meta":{"fifu_image_url":"","fifu_image_alt":"","footnotes":""},"categories":[58],"tags":[],"class_list":["post-14915","post","type-post","status-publish","format-standard","has-post-thumbnail","hentry","category-cotidiano"],"distributor_meta":false,"distributor_terms":false,"distributor_media":false,"distributor_original_site_name":"Noticias em Destaque","distributor_original_site_url":"https:\/\/noticiasdestaque.com.br","push-errors":false,"_links":{"self":[{"href":"https:\/\/noticiasdestaque.com.br\/index.php\/wp-json\/wp\/v2\/posts\/14915","targetHints":{"allow":["GET"]}}],"collection":[{"href":"https:\/\/noticiasdestaque.com.br\/index.php\/wp-json\/wp\/v2\/posts"}],"about":[{"href":"https:\/\/noticiasdestaque.com.br\/index.php\/wp-json\/wp\/v2\/types\/post"}],"author":[{"embeddable":true,"href":"https:\/\/noticiasdestaque.com.br\/index.php\/wp-json\/wp\/v2\/users\/1"}],"replies":[{"embeddable":true,"href":"https:\/\/noticiasdestaque.com.br\/index.php\/wp-json\/wp\/v2\/comments?post=14915"}],"version-history":[{"count":0,"href":"https:\/\/noticiasdestaque.com.br\/index.php\/wp-json\/wp\/v2\/posts\/14915\/revisions"}],"wp:featuredmedia":[{"embeddable":true,"href":"https:\/\/noticiasdestaque.com.br\/index.php\/wp-json\/wp\/v2\/media\/14916"}],"wp:attachment":[{"href":"https:\/\/noticiasdestaque.com.br\/index.php\/wp-json\/wp\/v2\/media?parent=14915"}],"wp:term":[{"taxonomy":"category","embeddable":true,"href":"https:\/\/noticiasdestaque.com.br\/index.php\/wp-json\/wp\/v2\/categories?post=14915"},{"taxonomy":"post_tag","embeddable":true,"href":"https:\/\/noticiasdestaque.com.br\/index.php\/wp-json\/wp\/v2\/tags?post=14915"}],"curies":[{"name":"wp","href":"https:\/\/api.w.org\/{rel}","templated":true}]}}