{"id":14911,"date":"2024-07-28T18:00:00","date_gmt":"2024-07-28T21:00:00","guid":{"rendered":"https:\/\/noticiasdestaque.com.br\/index.php\/2024\/07\/28\/extremo-norte-do-pais-comeca-a-semana-com-tempo-chuvoso\/"},"modified":"2024-07-28T18:00:00","modified_gmt":"2024-07-28T21:00:00","slug":"extremo-norte-do-pais-comeca-a-semana-com-tempo-chuvoso","status":"publish","type":"post","link":"https:\/\/noticiasdestaque.com.br\/index.php\/2024\/07\/28\/extremo-norte-do-pais-comeca-a-semana-com-tempo-chuvoso\/","title":{"rendered":"Extremo norte do pa\u00eds come\u00e7a a semana com tempo chuvoso"},"content":{"rendered":"<p>\t\t\t\t\t\t\t\t\t\t<audio controls class=\"b61_audio_player\" data-noticia=\"73628\" src=\"https:\/\/brasil61.com\/rails\/active_storage\/blobs\/eyJfcmFpbHMiOnsibWVzc2FnZSI6IkJBaHBBOUhuQWc9PSIsImV4cCI6bnVsbCwicHVyIjoiYmxvYl9pZCJ9fQ==--d5458e5d81531a2ce24ad745489ca2d09cb3ed0d\/PTRN243976A\"><\/audio><\/p>\n<p>A segunda-feira come\u00e7a com tempo firme na maior parte da regi\u00e3o Norte, passando por todo o estado do Acre, sul do Amazonas e do Par\u00e1. Em Roraima tem previs\u00e3o de chuva para todo o dia, assim como no extremo norte do Amap\u00e1 e no noroeste do Amazonas. Tempo firme, com sol e praticamente sem nuvens em todo o estado do\u00a0Tocantins, Acre e de Rond\u00f4nia, onde n\u00e3o h\u00e1 previs\u00e3o de chuva.\u00a0<\/p>\n<p>O Instituto Nacional de Meteorologia emitiu alerta de perigo potencial por conta da baixa umidade do ar na faixa que cobre todo o estado de Rond\u00f4nia, sul do Par\u00e1 e Tocantins. Nessas regi\u00f5es a umidade do ar pode chegar a 20%, com risco de inc\u00eandios florestais e perigos para a sa\u00fade. Por isso \u00e9 importante beber bastante l\u00edquido e evitar exposi\u00e7\u00e3o ao sol durante os hor\u00e1rios mais quentes do dia.\u00a0<\/p>\n<p>As temperaturas m\u00e1ximas chegam a 36 graus em Rio Branco (AC), 33 em Boa Vista RR e 34 em Palmas (TO). J\u00e1 as m\u00ednimas devem ficar em 20 graus em Porto Velho (RO), 24 em Bel\u00e9m e em Macap\u00e1 (AP).<br \/>\n\u00a0<\/p>\n<p>\t\t\t\t\t\t\t\t\t<img loading=\"lazy\" decoding=\"async\" src=\"https:\/\/brasil61.com\/api\/v1\/serve_pixel\/17677\/73628\" alt=\"Pixel Brasil 61\" class=\"b61_pixel\" width=\"0\" height=\"0\"><\/p>\n<input type=\"hidden\" id=\"baseurl\" value=\"https:\/\/noticiasdestaque.com.br\"><input type=\"hidden\" id=\"audio_nonce\" value=\"6f73a554f1\">","protected":false},"excerpt":{"rendered":"<p>Norte do Amazonas, Roraima e Amap\u00e1 t\u00eam previs\u00e3o de chuva nesta segunda. Mas sul do Par\u00e1 e estado do Tocantins t\u00eam alerta de seca <\/p>\n","protected":false},"author":1,"featured_media":14912,"comment_status":"open","ping_status":"open","sticky":false,"template":"","format":"standard","meta":{"fifu_image_url":"","fifu_image_alt":"","footnotes":""},"categories":[58],"tags":[],"class_list":["post-14911","post","type-post","status-publish","format-standard","has-post-thumbnail","hentry","category-cotidiano"],"distributor_meta":false,"distributor_terms":false,"distributor_media":false,"distributor_original_site_name":"Noticias em Destaque","distributor_original_site_url":"https:\/\/noticiasdestaque.com.br","push-errors":false,"_links":{"self":[{"href":"https:\/\/noticiasdestaque.com.br\/index.php\/wp-json\/wp\/v2\/posts\/14911","targetHints":{"allow":["GET"]}}],"collection":[{"href":"https:\/\/noticiasdestaque.com.br\/index.php\/wp-json\/wp\/v2\/posts"}],"about":[{"href":"https:\/\/noticiasdestaque.com.br\/index.php\/wp-json\/wp\/v2\/types\/post"}],"author":[{"embeddable":true,"href":"https:\/\/noticiasdestaque.com.br\/index.php\/wp-json\/wp\/v2\/users\/1"}],"replies":[{"embeddable":true,"href":"https:\/\/noticiasdestaque.com.br\/index.php\/wp-json\/wp\/v2\/comments?post=14911"}],"version-history":[{"count":0,"href":"https:\/\/noticiasdestaque.com.br\/index.php\/wp-json\/wp\/v2\/posts\/14911\/revisions"}],"wp:featuredmedia":[{"embeddable":true,"href":"https:\/\/noticiasdestaque.com.br\/index.php\/wp-json\/wp\/v2\/media\/14912"}],"wp:attachment":[{"href":"https:\/\/noticiasdestaque.com.br\/index.php\/wp-json\/wp\/v2\/media?parent=14911"}],"wp:term":[{"taxonomy":"category","embeddable":true,"href":"https:\/\/noticiasdestaque.com.br\/index.php\/wp-json\/wp\/v2\/categories?post=14911"},{"taxonomy":"post_tag","embeddable":true,"href":"https:\/\/noticiasdestaque.com.br\/index.php\/wp-json\/wp\/v2\/tags?post=14911"}],"curies":[{"name":"wp","href":"https:\/\/api.w.org\/{rel}","templated":true}]}}