{"id":14907,"date":"2024-07-27T18:00:00","date_gmt":"2024-07-27T21:00:00","guid":{"rendered":"https:\/\/noticiasdestaque.com.br\/index.php\/2024\/07\/27\/previsao-do-tempo-domingo-28-chuvoso-no-sul\/"},"modified":"2024-07-27T18:00:00","modified_gmt":"2024-07-27T21:00:00","slug":"previsao-do-tempo-domingo-28-chuvoso-no-sul","status":"publish","type":"post","link":"https:\/\/noticiasdestaque.com.br\/index.php\/2024\/07\/27\/previsao-do-tempo-domingo-28-chuvoso-no-sul\/","title":{"rendered":"PREVIS\u00c3O DO TEMPO: domingo (28) chuvoso no Sul"},"content":{"rendered":"<p>\t\t\t\t\t\t\t\t\t\t<audio controls class=\"b61_audio_player\" data-noticia=\"73620\" src=\"https:\/\/brasil61.com\/rails\/active_storage\/blobs\/eyJfcmFpbHMiOnsibWVzc2FnZSI6IkJBaHBBN0RuQWc9PSIsImV4cCI6bnVsbCwicHVyIjoiYmxvYl9pZCJ9fQ==--2040cc8f180ff092fb4d402201b5305d62319dc0\/PTRS243596A\"><\/audio><\/p>\n<p>Domingo (28) com chuva em toda a Regi\u00e3o Sul.<\/p>\n<p><strong>Confira agora a previs\u00e3o do tempo no seu estado.\u00a0<\/strong><\/p>\n<p><strong>Paran\u00e1<\/strong><\/p>\n<p>Domingo (28) com possibilidade de chuva no sudoeste paranaense e microrregi\u00f5es de Palmas e Uni\u00e3o da Vit\u00f3ria. Nas demais regi\u00f5es do estado, h\u00e1 varia\u00e7\u00e3o entre muitas e poucas nuvens. \u00a0<\/p>\n<p><strong>Santa Catarina<\/strong><\/p>\n<p>Domingo (28) com pancadas de chuva no sul catarinense e Serrana. Possibilidade de chuva nas demais regi\u00f5es do estado.\u00a0<\/p>\n<p><strong>Rio Grande do Sul\u00a0<\/strong><\/p>\n<p>Domingo (28) com chuvas fortes, ventos intensos e trovoadas isoladas em todo o Rio Grande do Sul.<\/p>\n<p><strong>Temperatura m\u00ednima e m\u00e1xima na regi\u00e3o<\/strong><\/p>\n<p>A temperatura m\u00ednima fica em torno de 8\u00b0C, no munic\u00edpio de Santa Vit\u00f3ria do Palmar, no Rio Grande do Sul \u2014 e a m\u00e1xima prevista \u00e9 de 32\u00baC, na cidade de Loanda, no Paran\u00e1. A umidade relativa do ar varia entre 45% e 95%.<\/p>\n<p>As informa\u00e7\u00f5es s\u00e3o do Instituto Nacional de Meteorologia.<br \/>\n\u00a0<\/p>\n<p>\t\t\t\t\t\t\t\t\t<img loading=\"lazy\" decoding=\"async\" src=\"https:\/\/brasil61.com\/api\/v1\/serve_pixel\/17677\/73620\" alt=\"Pixel Brasil 61\" class=\"b61_pixel\" width=\"0\" height=\"0\"><\/p>\n<input type=\"hidden\" id=\"baseurl\" value=\"https:\/\/noticiasdestaque.com.br\"><input type=\"hidden\" id=\"audio_nonce\" value=\"6f73a554f1\">","protected":false},"excerpt":{"rendered":"<p>A temperatura pode variar entre 8\u00baC e 32\u00baC<\/p>\n","protected":false},"author":1,"featured_media":14908,"comment_status":"open","ping_status":"open","sticky":false,"template":"","format":"standard","meta":{"fifu_image_url":"","fifu_image_alt":"","footnotes":""},"categories":[58],"tags":[],"class_list":["post-14907","post","type-post","status-publish","format-standard","has-post-thumbnail","hentry","category-cotidiano"],"distributor_meta":false,"distributor_terms":false,"distributor_media":false,"distributor_original_site_name":"Noticias em Destaque","distributor_original_site_url":"https:\/\/noticiasdestaque.com.br","push-errors":false,"_links":{"self":[{"href":"https:\/\/noticiasdestaque.com.br\/index.php\/wp-json\/wp\/v2\/posts\/14907","targetHints":{"allow":["GET"]}}],"collection":[{"href":"https:\/\/noticiasdestaque.com.br\/index.php\/wp-json\/wp\/v2\/posts"}],"about":[{"href":"https:\/\/noticiasdestaque.com.br\/index.php\/wp-json\/wp\/v2\/types\/post"}],"author":[{"embeddable":true,"href":"https:\/\/noticiasdestaque.com.br\/index.php\/wp-json\/wp\/v2\/users\/1"}],"replies":[{"embeddable":true,"href":"https:\/\/noticiasdestaque.com.br\/index.php\/wp-json\/wp\/v2\/comments?post=14907"}],"version-history":[{"count":0,"href":"https:\/\/noticiasdestaque.com.br\/index.php\/wp-json\/wp\/v2\/posts\/14907\/revisions"}],"wp:featuredmedia":[{"embeddable":true,"href":"https:\/\/noticiasdestaque.com.br\/index.php\/wp-json\/wp\/v2\/media\/14908"}],"wp:attachment":[{"href":"https:\/\/noticiasdestaque.com.br\/index.php\/wp-json\/wp\/v2\/media?parent=14907"}],"wp:term":[{"taxonomy":"category","embeddable":true,"href":"https:\/\/noticiasdestaque.com.br\/index.php\/wp-json\/wp\/v2\/categories?post=14907"},{"taxonomy":"post_tag","embeddable":true,"href":"https:\/\/noticiasdestaque.com.br\/index.php\/wp-json\/wp\/v2\/tags?post=14907"}],"curies":[{"name":"wp","href":"https:\/\/api.w.org\/{rel}","templated":true}]}}