{"id":14905,"date":"2024-07-27T18:00:00","date_gmt":"2024-07-27T21:00:00","guid":{"rendered":"https:\/\/noticiasdestaque.com.br\/index.php\/2024\/07\/27\/previsao-do-tempo-domingo-28-sem-chuvas-no-sudeste\/"},"modified":"2024-07-27T18:00:00","modified_gmt":"2024-07-27T21:00:00","slug":"previsao-do-tempo-domingo-28-sem-chuvas-no-sudeste","status":"publish","type":"post","link":"https:\/\/noticiasdestaque.com.br\/index.php\/2024\/07\/27\/previsao-do-tempo-domingo-28-sem-chuvas-no-sudeste\/","title":{"rendered":"PREVIS\u00c3O DO TEMPO: domingo (28) sem chuvas no Sudeste"},"content":{"rendered":"<p>\t\t\t\t\t\t\t\t\t\t<audio controls class=\"b61_audio_player\" data-noticia=\"73618\" src=\"https:\/\/brasil61.com\/rails\/active_storage\/blobs\/eyJfcmFpbHMiOnsibWVzc2FnZSI6IkJBaHBBNjduQWc9PSIsImV4cCI6bnVsbCwicHVyIjoiYmxvYl9pZCJ9fQ==--1a9ed6864a2b0340879a1027c9532e2ce4921073\/PTSD243689A\"><\/audio><\/p>\n<p>Domingo (28) sem chuvas em todo o Sudeste.\u00a0<\/p>\n<p><strong>Confira agora a previs\u00e3o do tempo no seu estado.\u00a0<\/strong><\/p>\n<p><strong>Esp\u00edrito Santo<\/strong><\/p>\n<p>A previs\u00e3o para este domingo (28) \u00e9 de muitas nuvens no litoral norte esp\u00edrito-santense e microrregi\u00f5es de Barra de S\u00e3o Francisco e Nova Ven\u00e9cia. Nas demais regi\u00f5es do estado, poucas nuvens.<\/p>\n<p><strong>Minas Gerais<\/strong><\/p>\n<p>Domingo (28) com tempo encoberto no Vale do Mucuri e nas microrregi\u00f5es de Pedra Azul, Almenara e Salinas. Nas demais regi\u00f5es do estado, poucas nuvens.\u00a0<\/p>\n<p><strong>Rio de Janeiro<\/strong><\/p>\n<p>A previs\u00e3o para este domingo (28) \u00e9 de muitas nuvens nas cidades de Rio Claro, Angra dos Reis, Paraty e Mangaratiba. Nas demais regi\u00f5es do estado, poucas nuvens.<\/p>\n<p><strong>S\u00e3o Paulo<\/strong><\/p>\n<p>Domingo (28) com tempo encoberto no Vale do Para\u00edba Paulista, Litoral Sul Paulista, Metropolitana de S\u00e3o Paulo, Macro Metropolitana Paulista, Itapetininga, Assis, Campinas e Piracicaba. Nas demais regi\u00f5es, poucas nuvens.\u00a0<\/p>\n<p><strong>Temperatura m\u00ednima e m\u00e1xima na regi\u00e3o<\/strong><\/p>\n<p>A temperatura m\u00ednima fica em torno de 7\u00b0C, em Camanducaia, em Minas Gerais, e a m\u00e1xima prevista \u00e9 de 33\u00baC, em Campos dos Goytacazes, no Rio de Janeiro. A umidade relativa do ar varia entre 25% e 90%.<\/p>\n<p>As informa\u00e7\u00f5es s\u00e3o do Instituto Nacional de Meteorologia.<\/p>\n<p>\u00a0<\/p>\n<p>\t\t\t\t\t\t\t\t\t<img loading=\"lazy\" decoding=\"async\" src=\"https:\/\/brasil61.com\/api\/v1\/serve_pixel\/17677\/73618\" alt=\"Pixel Brasil 61\" class=\"b61_pixel\" width=\"0\" height=\"0\"><\/p>\n<input type=\"hidden\" id=\"baseurl\" value=\"https:\/\/noticiasdestaque.com.br\"><input type=\"hidden\" id=\"audio_nonce\" value=\"6f73a554f1\">","protected":false},"excerpt":{"rendered":"<p>A temperatura pode variar entre 7\u00baC e 33\u00baC<\/p>\n","protected":false},"author":1,"featured_media":14906,"comment_status":"open","ping_status":"open","sticky":false,"template":"","format":"standard","meta":{"fifu_image_url":"","fifu_image_alt":"","footnotes":""},"categories":[58],"tags":[],"class_list":["post-14905","post","type-post","status-publish","format-standard","has-post-thumbnail","hentry","category-cotidiano"],"distributor_meta":false,"distributor_terms":false,"distributor_media":false,"distributor_original_site_name":"Noticias em Destaque","distributor_original_site_url":"https:\/\/noticiasdestaque.com.br","push-errors":false,"_links":{"self":[{"href":"https:\/\/noticiasdestaque.com.br\/index.php\/wp-json\/wp\/v2\/posts\/14905","targetHints":{"allow":["GET"]}}],"collection":[{"href":"https:\/\/noticiasdestaque.com.br\/index.php\/wp-json\/wp\/v2\/posts"}],"about":[{"href":"https:\/\/noticiasdestaque.com.br\/index.php\/wp-json\/wp\/v2\/types\/post"}],"author":[{"embeddable":true,"href":"https:\/\/noticiasdestaque.com.br\/index.php\/wp-json\/wp\/v2\/users\/1"}],"replies":[{"embeddable":true,"href":"https:\/\/noticiasdestaque.com.br\/index.php\/wp-json\/wp\/v2\/comments?post=14905"}],"version-history":[{"count":0,"href":"https:\/\/noticiasdestaque.com.br\/index.php\/wp-json\/wp\/v2\/posts\/14905\/revisions"}],"wp:featuredmedia":[{"embeddable":true,"href":"https:\/\/noticiasdestaque.com.br\/index.php\/wp-json\/wp\/v2\/media\/14906"}],"wp:attachment":[{"href":"https:\/\/noticiasdestaque.com.br\/index.php\/wp-json\/wp\/v2\/media?parent=14905"}],"wp:term":[{"taxonomy":"category","embeddable":true,"href":"https:\/\/noticiasdestaque.com.br\/index.php\/wp-json\/wp\/v2\/categories?post=14905"},{"taxonomy":"post_tag","embeddable":true,"href":"https:\/\/noticiasdestaque.com.br\/index.php\/wp-json\/wp\/v2\/tags?post=14905"}],"curies":[{"name":"wp","href":"https:\/\/api.w.org\/{rel}","templated":true}]}}