{"id":14896,"date":"2024-07-29T00:33:00","date_gmt":"2024-07-29T03:33:00","guid":{"rendered":"https:\/\/noticiasdestaque.com.br\/index.php\/2024\/07\/29\/indice-de-confianca-do-consumidor-tem-alta-pelo-segundo-mes-consecutivo\/"},"modified":"2024-07-29T00:33:00","modified_gmt":"2024-07-29T03:33:00","slug":"indice-de-confianca-do-consumidor-tem-alta-pelo-segundo-mes-consecutivo","status":"publish","type":"post","link":"https:\/\/noticiasdestaque.com.br\/index.php\/2024\/07\/29\/indice-de-confianca-do-consumidor-tem-alta-pelo-segundo-mes-consecutivo\/","title":{"rendered":"\u00cdndice de Confian\u00e7a do Consumidor t\u00eam alta pelo segundo m\u00eas consecutivo"},"content":{"rendered":"<p>\t\t\t\t\t\t\t\t\t\t<audio controls class=\"b61_audio_player\" data-noticia=\"73606\" src=\"https:\/\/brasil61.com\/rails\/active_storage\/blobs\/eyJfcmFpbHMiOnsibWVzc2FnZSI6IkJBaHBBN25uQWc9PSIsImV4cCI6bnVsbCwicHVyIjoiYmxvYl9pZCJ9fQ==--c1b9ed87551afc306d36cfad91e6be03602292ac\/BRAS2412229A\"><\/audio><\/p>\n<p style=\"text-align: justify\">O \u00cdndice de Confian\u00e7a do Consumidor (ICC) do FGV Ibre divulgado no m\u00eas de julho apontou,\u00a0pelo segundo m\u00eas consecutivo, uma subida. Dados indicaram alta de 1,8 ponto, batendo 92,9 pontos. Em rela\u00e7\u00e3o \u00e0s m\u00e9dias trimestrais, o \u00edndice variou apenas 0,1 ponto, chegando a 91,1 pontos, ficando praticamente est\u00e1vel.<\/p>\n<p style=\"text-align: justify\">Segundo a pesquisa, o aumento da confian\u00e7a dos consumidores teve influ\u00eancia das expectativas em rela\u00e7\u00e3o aos pr\u00f3ximos meses, uma vez que, no momento atual, os dados apontaram estabilidade. Com isso, o \u00cdndice de Expectativas (IE) subiu 3,0 pontos, para 101,1 pontos\u00a0tendo, tamb\u00e9m, sua segunda alta consecutiva.<\/p>\n<p style=\"text-align: justify\">O \u00edndice da Situa\u00e7\u00e3o Atual (ISA), por sua vez, se manteve em 81,6 pontos, o maior n\u00edvel desde novembro de 2023, quando media 82,0 pontos. Ainda segundo a pesquisa, a const\u00e2ncia observada resulta da atua\u00e7\u00e3o contr\u00e1ria entre os indicadores que comp\u00f5em as finan\u00e7as familiares, que recuaram 0,5 ponto, para 71,0 pontos, e o que mede a percep\u00e7\u00e3o sobre a economia local, que avan\u00e7ou de 0,5 ponto, para 92,5 pontos.<\/p>\n<h2 style=\"text-align: justify\">Destaques<\/h2>\n<p>O FGV Ibre destacou que, entre os indicadores que comp\u00f5em o ICC, o respons\u00e1vel pela medi\u00e7\u00e3o das perspectivas de finan\u00e7as familiares futuras foi o que apresentou maior subida no m\u00eas, avan\u00e7ando 6,7 pontos, para 107,1 pontos no n\u00edvel de confian\u00e7a dos consumidores.<\/p>\n<p style=\"text-align: justify\">Al\u00e9m dele, o que mede o impulso de compras de bens dur\u00e1veis tamb\u00e9m teve alta pela segunda vez, chegando a 84,0 pontos. Pelo lado negativo, o destaque ficou para as perspectivas para a situa\u00e7\u00e3o futura da economia, que recuou 0,9 ponto,\u00a0batendo 109,4 pontos.<br \/>\n\u00a0<\/p>\n<p>\t\t\t\t\t\t\t\t\t<img loading=\"lazy\" decoding=\"async\" src=\"https:\/\/brasil61.com\/api\/v1\/serve_pixel\/17677\/73606\" alt=\"Pixel Brasil 61\" class=\"b61_pixel\" width=\"0\" height=\"0\"><\/p>\n<input type=\"hidden\" id=\"baseurl\" value=\"https:\/\/noticiasdestaque.com.br\"><input type=\"hidden\" id=\"audio_nonce\" value=\"6f73a554f1\">","protected":false},"excerpt":{"rendered":"<p>Dados divulgados pelo FGV Ibre apontaram alta de 1,8%, batendo 92,9 pontos<\/p>\n","protected":false},"author":1,"featured_media":14897,"comment_status":"open","ping_status":"open","sticky":false,"template":"","format":"standard","meta":{"fifu_image_url":"","fifu_image_alt":"","footnotes":""},"categories":[59],"tags":[],"class_list":["post-14896","post","type-post","status-publish","format-standard","has-post-thumbnail","hentry","category-economia"],"distributor_meta":false,"distributor_terms":false,"distributor_media":false,"distributor_original_site_name":"Noticias em Destaque","distributor_original_site_url":"https:\/\/noticiasdestaque.com.br","push-errors":false,"_links":{"self":[{"href":"https:\/\/noticiasdestaque.com.br\/index.php\/wp-json\/wp\/v2\/posts\/14896","targetHints":{"allow":["GET"]}}],"collection":[{"href":"https:\/\/noticiasdestaque.com.br\/index.php\/wp-json\/wp\/v2\/posts"}],"about":[{"href":"https:\/\/noticiasdestaque.com.br\/index.php\/wp-json\/wp\/v2\/types\/post"}],"author":[{"embeddable":true,"href":"https:\/\/noticiasdestaque.com.br\/index.php\/wp-json\/wp\/v2\/users\/1"}],"replies":[{"embeddable":true,"href":"https:\/\/noticiasdestaque.com.br\/index.php\/wp-json\/wp\/v2\/comments?post=14896"}],"version-history":[{"count":0,"href":"https:\/\/noticiasdestaque.com.br\/index.php\/wp-json\/wp\/v2\/posts\/14896\/revisions"}],"wp:featuredmedia":[{"embeddable":true,"href":"https:\/\/noticiasdestaque.com.br\/index.php\/wp-json\/wp\/v2\/media\/14897"}],"wp:attachment":[{"href":"https:\/\/noticiasdestaque.com.br\/index.php\/wp-json\/wp\/v2\/media?parent=14896"}],"wp:term":[{"taxonomy":"category","embeddable":true,"href":"https:\/\/noticiasdestaque.com.br\/index.php\/wp-json\/wp\/v2\/categories?post=14896"},{"taxonomy":"post_tag","embeddable":true,"href":"https:\/\/noticiasdestaque.com.br\/index.php\/wp-json\/wp\/v2\/tags?post=14896"}],"curies":[{"name":"wp","href":"https:\/\/api.w.org\/{rel}","templated":true}]}}