{"id":14886,"date":"2024-07-26T00:02:00","date_gmt":"2024-07-26T03:02:00","guid":{"rendered":"https:\/\/noticiasdestaque.com.br\/index.php\/2024\/07\/26\/arrecadacao-federal-atinge-r-208-milhoes-em-junho-de-2024-com-crescimento-de-1102\/"},"modified":"2024-07-26T00:02:00","modified_gmt":"2024-07-26T03:02:00","slug":"arrecadacao-federal-atinge-r-208-milhoes-em-junho-de-2024-com-crescimento-de-1102","status":"publish","type":"post","link":"https:\/\/noticiasdestaque.com.br\/index.php\/2024\/07\/26\/arrecadacao-federal-atinge-r-208-milhoes-em-junho-de-2024-com-crescimento-de-1102\/","title":{"rendered":"Arrecada\u00e7\u00e3o Federal atinge R$ 208 milh\u00f5es em junho de 2024, com crescimento de 11,02%"},"content":{"rendered":"<p>\t\t\t\t\t\t\t\t\t\t<audio controls class=\"b61_audio_player\" data-noticia=\"73561\" src=\"https:\/\/brasil61.com\/rails\/active_storage\/blobs\/eyJfcmFpbHMiOnsibWVzc2FnZSI6IkJBaHBBMEhuQWc9PSIsImV4cCI6bnVsbCwicHVyIjoiYmxvYl9pZCJ9fQ==--1a739cce2d4defeacfd02cd2cf048903b1325f96\/BRAS2412216A\"><\/audio><\/p>\n<p>Em junho de 2024, a arrecada\u00e7\u00e3o total das Receitas Federais alcan\u00e7ou o montante de R$ 208.844 milh\u00f5es, marcando um aumento real (IPCA) de 11,02% em rela\u00e7\u00e3o ao mesmo per\u00edodo do ano anterior. No acumulado de janeiro a junho de 2024, a arrecada\u00e7\u00e3o totalizou R$ 1.289.464 milh\u00f5es, representando um acr\u00e9scimo pelo IPCA de 9,08%. As informa\u00e7\u00f5es foram divulgadas pela Receita Federal.<\/p>\n<p>De acordo com o balan\u00e7o, as Receitas Administradas pela Receita Federal do Brasil (RFB) registraram um montante arrecadado de R$ 200.533 milh\u00f5es em junho de 2024, apresentando um crescimento real de 9,97% em compara\u00e7\u00e3o ao ano anterior. No per\u00edodo de janeiro a junho de 2024, a arrecada\u00e7\u00e3o das Receitas Administradas totalizou R$ 1.235.285 milh\u00f5es, com um aumento real de 8,93%.<\/p>\n<p>Andr\u00e9 Galhardo, consultor econ\u00f4mico da Remessa Online, informa que boa parte do aumento nos primeiros meses deste ano aconteceu por influ\u00eancia do esfor\u00e7o fiscal feito ao longo do ano passado, como taxa\u00e7\u00e3o de fundos exclusivos.<\/p>\n<p>&#8220;Ele \u00e9 s\u00e3o fruto de um esfor\u00e7o para corrigir parte desse sistema que \u00e9 ineficiente, que cobra muito de quem tem pouco e muito pouco de quem tem muito. Eu acho positivo, e a gente n\u00e3o pode perder de vista que a continuidade da reforma tribut\u00e1ria\u00a0precisa ser feita. A gente precisa, em um segundo momento, tratar dessa regressividade e diminuir o peso da carga tribut\u00e1ria sobre a pequena e m\u00e9dia empresa e sobre as pessoas de baixa renda&#8221;, aponta.<\/p>\n<h2>Expectativas<\/h2>\n<p>Para o segundo semestre de 2024, Galhardo afirma que o aumento da arrecada\u00e7\u00e3o deve continuar, mas em um ritmo menos intenso.<\/p>\n<p>&#8220;A gente est\u00e1 trabalhando para diminuir um pouco a inefici\u00eancia no regime tribut\u00e1rio brasileiro e por outro lado n\u00e3o podemos\u00a0perder de vista a necessidade desse olhar mais apurado em rela\u00e7\u00e3o \u00e0s despesas do governo brasileiro; eu vejo o segundo semestre com bons olhos, devemos\u00a0continuar acompanhando esse aumento da arrecada\u00e7\u00e3o, mas num ritmo menos intenso&#8221;.<\/p>\n<p>&#8220;A gente viu entradas extraordin\u00e1rias de recursos ao longo do primeiro semestre\u00a0que n\u00e3o devem acontecer novamente no segundo&#8221;, completa.<\/p>\n<h2>Desonera\u00e7\u00e3o da folha de pagamento<\/h2>\n<p>Para Roberto Piscitelli, membro da Comiss\u00e3o de Pol\u00edtica Econ\u00f4mica do Cofecon, esse crescimento impressiona em fun\u00e7\u00e3o da compara\u00e7\u00e3o com quaisquer outros indicadores do n\u00edvel de atividade econ\u00f4mica.<\/p>\n<p>&#8220;Quer dizer que est\u00e1 acima da expectativa. Isso \u00e9 muito importante em fun\u00e7\u00e3o da proje\u00e7\u00e3o de d\u00e9ficit prim\u00e1rio, da preocupa\u00e7\u00e3o com o arcabou\u00e7o fiscal. E vem no momento em que h\u00e1 uma forte resist\u00eancia do Congresso Nacional em manter, por exemplo, a prorroga\u00e7\u00e3o da desonera\u00e7\u00e3o da folha de 17 setores da economia, o que tem um impacto muito forte na arrecada\u00e7\u00e3o&#8221;, destaca.<\/p>\n<p>A desonera\u00e7\u00e3o da folha de pagamento foi criada em 2011 como substituto tempor\u00e1rio da contribui\u00e7\u00e3o previdenci\u00e1ria sobre a folha de pagamentos, variando as al\u00edquotas de 1% a 4,5% sobre a receita bruta. Inicialmente prevista para terminar em dezembro de 2023, foi prorrogada at\u00e9 2027 para 17 setores da economia e munic\u00edpios com at\u00e9 156 mil habitantes., mas enfrentou idas e vindas legislativas<\/p>\n<p>A medida venceria em dezembro de 2023. Mas, por beneficiar atualmente 17 setores da economia, em agosto do ano passado\u00a0o Congresso Nacional aprovou um projeto que prorrogava o prazo da desonera\u00e7\u00e3o at\u00e9 2027 e reduzia a al\u00edquota de contribui\u00e7\u00e3o previdenci\u00e1ria de munic\u00edpios com at\u00e9 156 mil habitantes, enfrentando idas e vindas legislativas.<\/p>\n<p>Desde o final do ano passado, o Congresso Nacional e o governo buscam um acordo. O ministro Edson Fachin, do Supremo Tribunal Federal (STF), prorrogou at\u00e9 11 de setembro a suspens\u00e3o do processo que trata da desonera\u00e7\u00e3o.<\/p>\n<p>A Receita Federal alertou que a desonera\u00e7\u00e3o da folha de pagamento custar\u00e1 mais de R$ 26 bilh\u00f5es este ano, ampliando o d\u00e9ficit p\u00fablico para R$ 28,8 bilh\u00f5es e levando ao bloqueio de R$ 15 bilh\u00f5es no Or\u00e7amento federal. O senador Izalci Lucas questionou esses n\u00fameros, apontando que a desonera\u00e7\u00e3o j\u00e1 estava em vigor no ano passado.<\/p>\n<p>O l\u00edder do governo no Congresso, Randolfe Rodrigues, mencionou que a equipe econ\u00f4mica est\u00e1 considerando sugest\u00f5es dos senadores, como a taxa\u00e7\u00e3o de sites de compras internacionais, para viabilizar a vota\u00e7\u00e3o do projeto sem comprometer a meta de equil\u00edbrio fiscal.<\/p>\n<p><strong>Leia mais:<\/strong><\/p>\n<p><a href=\"https:\/\/brasil61.com\/n\/stf-prorroga-suspensao-do-processo-sobre-a-desoneracao-da-folha-ate-setembro-bras2412138\u00a0\">STF prorroga suspens\u00e3o do processo sobre a desonera\u00e7\u00e3o da folha at\u00e9 setembro<\/a><\/p>\n<p><a href=\"https:\/\/brasil61.com\/n\/agu-pede-suspensao-do-processo-de-desoneracao-da-folha-ao-supremo-bras2411703\">AGU pede suspens\u00e3o do processo de desonera\u00e7\u00e3o da folha ao Supremo<\/a><\/p>\n<p>\t\t\t\t\t\t\t\t\t<img loading=\"lazy\" decoding=\"async\" src=\"https:\/\/brasil61.com\/api\/v1\/serve_pixel\/17677\/73561\" alt=\"Pixel Brasil 61\" class=\"b61_pixel\" width=\"0\" height=\"0\"><\/p>\n<input type=\"hidden\" id=\"baseurl\" value=\"https:\/\/noticiasdestaque.com.br\"><input type=\"hidden\" id=\"audio_nonce\" value=\"6a24ca502e\">","protected":false},"excerpt":{"rendered":"<p>Para o segundo semestre de 2024 espera-se um aumento na arrecada\u00e7\u00e3o, por\u00e9m em ritmo menos acelerado<\/p>\n","protected":false},"author":1,"featured_media":14887,"comment_status":"open","ping_status":"open","sticky":false,"template":"","format":"standard","meta":{"fifu_image_url":"","fifu_image_alt":"","footnotes":""},"categories":[59],"tags":[],"class_list":["post-14886","post","type-post","status-publish","format-standard","has-post-thumbnail","hentry","category-economia"],"distributor_meta":false,"distributor_terms":false,"distributor_media":false,"distributor_original_site_name":"Noticias em Destaque","distributor_original_site_url":"https:\/\/noticiasdestaque.com.br","push-errors":false,"_links":{"self":[{"href":"https:\/\/noticiasdestaque.com.br\/index.php\/wp-json\/wp\/v2\/posts\/14886","targetHints":{"allow":["GET"]}}],"collection":[{"href":"https:\/\/noticiasdestaque.com.br\/index.php\/wp-json\/wp\/v2\/posts"}],"about":[{"href":"https:\/\/noticiasdestaque.com.br\/index.php\/wp-json\/wp\/v2\/types\/post"}],"author":[{"embeddable":true,"href":"https:\/\/noticiasdestaque.com.br\/index.php\/wp-json\/wp\/v2\/users\/1"}],"replies":[{"embeddable":true,"href":"https:\/\/noticiasdestaque.com.br\/index.php\/wp-json\/wp\/v2\/comments?post=14886"}],"version-history":[{"count":0,"href":"https:\/\/noticiasdestaque.com.br\/index.php\/wp-json\/wp\/v2\/posts\/14886\/revisions"}],"wp:featuredmedia":[{"embeddable":true,"href":"https:\/\/noticiasdestaque.com.br\/index.php\/wp-json\/wp\/v2\/media\/14887"}],"wp:attachment":[{"href":"https:\/\/noticiasdestaque.com.br\/index.php\/wp-json\/wp\/v2\/media?parent=14886"}],"wp:term":[{"taxonomy":"category","embeddable":true,"href":"https:\/\/noticiasdestaque.com.br\/index.php\/wp-json\/wp\/v2\/categories?post=14886"},{"taxonomy":"post_tag","embeddable":true,"href":"https:\/\/noticiasdestaque.com.br\/index.php\/wp-json\/wp\/v2\/tags?post=14886"}],"curies":[{"name":"wp","href":"https:\/\/api.w.org\/{rel}","templated":true}]}}