{"id":14876,"date":"2024-07-26T18:00:00","date_gmt":"2024-07-26T21:00:00","guid":{"rendered":"https:\/\/noticiasdestaque.com.br\/index.php\/2024\/07\/26\/previsao-do-tempo-sabado-27-tem-alerta-para-baixa-umidade-no-sudeste\/"},"modified":"2024-07-26T18:00:00","modified_gmt":"2024-07-26T21:00:00","slug":"previsao-do-tempo-sabado-27-tem-alerta-para-baixa-umidade-no-sudeste","status":"publish","type":"post","link":"https:\/\/noticiasdestaque.com.br\/index.php\/2024\/07\/26\/previsao-do-tempo-sabado-27-tem-alerta-para-baixa-umidade-no-sudeste\/","title":{"rendered":"PREVIS\u00c3O DO TEMPO: s\u00e1bado (27) tem alerta para baixa umidade no Sudeste"},"content":{"rendered":"<p>\t\t\t\t\t\t\t\t\t\t<audio controls class=\"b61_audio_player\" data-noticia=\"73611\" src=\"https:\/\/brasil61.com\/rails\/active_storage\/blobs\/eyJfcmFpbHMiOnsibWVzc2FnZSI6IkJBaHBBNlBuQWc9PSIsImV4cCI6bnVsbCwicHVyIjoiYmxvYl9pZCJ9fQ==--24620753c0e012c9da0139b95d2d6481f72ac3ec\/PTSD243688A\"><\/audio><\/p>\n<p>O Instituto Nacional de Meteorologia (Inmet) alerta para perigo potencial de baixa umidade em Minas Gerais e em S\u00e3o Paulo, atingindo cidades como Ituiutaba (MG) e Ribeir\u00e3o Preto (SP).<\/p>\n<p><strong>Confira agora a previs\u00e3o do tempo no seu estado.\u00a0<\/strong><\/p>\n<p><strong>Esp\u00edrito Santo<\/strong><\/p>\n<p>Este s\u00e1bado (27) come\u00e7a com tempo encoberto em todo o Esp\u00edrito Santo. Durante a tarde e \u00e0 noite, deve haver poucas nuvens em todo o estado, atingindo cidades como Colatina e Presidente Kennedy.\u00a0<\/p>\n<p><strong>Minas Gerais\u00a0<\/strong><\/p>\n<p>O dia come\u00e7a com tempo encoberto no Vale do Mucuri, Vale do Rio Doce, Zona da Mata, sul e sudoeste de Minas, al\u00e9m das\u00a0microrregi\u00f5es de Ara\u00e7ua\u00ed, Pedra Azul e Almenara. Durante a tarde e \u00e0 noite, deve haver poucas nuvens no estado.\u00a0<\/p>\n<p><strong>Rio de Janeiro<\/strong><\/p>\n<p>O s\u00e1bado (27) come\u00e7a com tempo encoberto em todo o estado do Rio de Janeiro. Durante a tarde, a previs\u00e3o \u00e9 de poucas nuvens apenas nas microrregi\u00f5es de Itaperuna e Campos dos Goytacazes. \u00c0 noite, poucas nuvens em todo o estado.\u00a0<\/p>\n<p><strong>S\u00e3o Paulo<\/strong><\/p>\n<p>Durante a manh\u00e3 e \u00e0 tarde, deve haver tempo encoberto em Assis, Itapetininga, Campinas, Piracicaba, Macro Metropolitana, Vale do Para\u00edba, Litoral Sul e Metropolitana de S\u00e3o Paulo. \u00c0 noite, a previs\u00e3o \u00e9 de muitas nuvens na Metropolitana de S\u00e3o Paulo e Litoral Sul.<\/p>\n<p><strong>Temperatura m\u00ednima e m\u00e1xima na regi\u00e3o<\/strong><\/p>\n<p>A temperatura m\u00ednima fica em torno de 6\u00b0C\u00a0em Camanducaia, em Minas Gerais, e a m\u00e1xima prevista \u00e9 de 33\u00baC\u00a0em Santo Ant\u00f4nio do Aracangu\u00e1, em S\u00e3o Paulo. A umidade relativa do ar varia entre 20% e 80%.<\/p>\n<p>As informa\u00e7\u00f5es s\u00e3o do Instituto Nacional de Meteorologia.<\/p>\n<p>\t\t\t\t\t\t\t\t\t<img loading=\"lazy\" decoding=\"async\" src=\"https:\/\/brasil61.com\/api\/v1\/serve_pixel\/17677\/73611\" alt=\"Pixel Brasil 61\" class=\"b61_pixel\" width=\"0\" height=\"0\"><\/p>\n<input type=\"hidden\" id=\"baseurl\" value=\"https:\/\/noticiasdestaque.com.br\"><input type=\"hidden\" id=\"audio_nonce\" value=\"6a24ca502e\">","protected":false},"excerpt":{"rendered":"<p>A temperatura pode variar entre 6\u00baC e 33\u00baC<\/p>\n","protected":false},"author":1,"featured_media":14877,"comment_status":"open","ping_status":"open","sticky":false,"template":"","format":"standard","meta":{"fifu_image_url":"","fifu_image_alt":"","footnotes":""},"categories":[58],"tags":[],"class_list":["post-14876","post","type-post","status-publish","format-standard","has-post-thumbnail","hentry","category-cotidiano"],"distributor_meta":false,"distributor_terms":false,"distributor_media":false,"distributor_original_site_name":"Noticias em Destaque","distributor_original_site_url":"https:\/\/noticiasdestaque.com.br","push-errors":false,"_links":{"self":[{"href":"https:\/\/noticiasdestaque.com.br\/index.php\/wp-json\/wp\/v2\/posts\/14876","targetHints":{"allow":["GET"]}}],"collection":[{"href":"https:\/\/noticiasdestaque.com.br\/index.php\/wp-json\/wp\/v2\/posts"}],"about":[{"href":"https:\/\/noticiasdestaque.com.br\/index.php\/wp-json\/wp\/v2\/types\/post"}],"author":[{"embeddable":true,"href":"https:\/\/noticiasdestaque.com.br\/index.php\/wp-json\/wp\/v2\/users\/1"}],"replies":[{"embeddable":true,"href":"https:\/\/noticiasdestaque.com.br\/index.php\/wp-json\/wp\/v2\/comments?post=14876"}],"version-history":[{"count":0,"href":"https:\/\/noticiasdestaque.com.br\/index.php\/wp-json\/wp\/v2\/posts\/14876\/revisions"}],"wp:featuredmedia":[{"embeddable":true,"href":"https:\/\/noticiasdestaque.com.br\/index.php\/wp-json\/wp\/v2\/media\/14877"}],"wp:attachment":[{"href":"https:\/\/noticiasdestaque.com.br\/index.php\/wp-json\/wp\/v2\/media?parent=14876"}],"wp:term":[{"taxonomy":"category","embeddable":true,"href":"https:\/\/noticiasdestaque.com.br\/index.php\/wp-json\/wp\/v2\/categories?post=14876"},{"taxonomy":"post_tag","embeddable":true,"href":"https:\/\/noticiasdestaque.com.br\/index.php\/wp-json\/wp\/v2\/tags?post=14876"}],"curies":[{"name":"wp","href":"https:\/\/api.w.org\/{rel}","templated":true}]}}