{"id":14870,"date":"2024-07-26T18:00:00","date_gmt":"2024-07-26T21:00:00","guid":{"rendered":"https:\/\/noticiasdestaque.com.br\/index.php\/2024\/07\/26\/previsao-do-tempo-sabado-27-tem-alerta-para-baixa-umidade-no-parana\/"},"modified":"2024-07-26T18:00:00","modified_gmt":"2024-07-26T21:00:00","slug":"previsao-do-tempo-sabado-27-tem-alerta-para-baixa-umidade-no-parana","status":"publish","type":"post","link":"https:\/\/noticiasdestaque.com.br\/index.php\/2024\/07\/26\/previsao-do-tempo-sabado-27-tem-alerta-para-baixa-umidade-no-parana\/","title":{"rendered":"PREVIS\u00c3O DO TEMPO: s\u00e1bado (27) tem alerta para baixa umidade no Paran\u00e1"},"content":{"rendered":"<p>\t\t\t\t\t\t\t\t\t\t<audio controls class=\"b61_audio_player\" data-noticia=\"73601\" src=\"https:\/\/brasil61.com\/rails\/active_storage\/blobs\/eyJfcmFpbHMiOnsibWVzc2FnZSI6IkJBaHBBNkRuQWc9PSIsImV4cCI6bnVsbCwicHVyIjoiYmxvYl9pZCJ9fQ==--8c506ad0f1b42654501e0b60a09c59ab25ba877b\/PTRS243595A\"><\/audio><\/p>\n<p>S\u00e1bado (27), a previs\u00e3o \u00e9 de clima chuvoso em todo o Sul,\u00a0com alerta para baixa umidade no Paran\u00e1.<\/p>\n<p><strong>Avisos meteorol\u00f3gicos<\/strong><\/p>\n<p>O Instituto Nacional de Meteorologia (Inmet) alerta para perigo potencial de baixa umidade no Paran\u00e1.\u00a0<\/p>\n<p><strong>Confira agora a previs\u00e3o do tempo no seu estado.\u00a0<\/strong><\/p>\n<p><strong>Paran\u00e1<\/strong><\/p>\n<p>Este s\u00e1bado (27) come\u00e7a com tempo encoberto em todo o Paran\u00e1. Durante a tarde, h\u00e1 possibilidade de chuva nas microrregi\u00f5es de Francisco Beltr\u00e3o, Pato Branco, Palmas e Uni\u00e3o da Vit\u00f3ria. \u00c0 noite, h\u00e1 varia\u00e7\u00e3o entre muitas e poucas nuvens.\u00a0<\/p>\n<p><strong>Santa Catarina<\/strong><\/p>\n<p>O dia come\u00e7a com possibilidade de chuva no sul catarinense, Serrana, Grande Florian\u00f3polis, Vale do Itaja\u00ed e na Microrregi\u00e3o de S\u00e3o Miguel do Oeste. Durante a tarde, h\u00e1 possibilidade de chuva em todo o estado de\u00a0Santa Catarina. \u00c0 noite, h\u00e1 possibilidade de chuva no sul catarinense e microrregi\u00f5es de Campos de Lages, S\u00e3o Miguel do Oeste e Chapec\u00f3.<\/p>\n<p><strong>Rio Grande do Sul\u00a0<\/strong><\/p>\n<p>Neste s\u00e1bado (27), o dia come\u00e7a com chuvas isoladas nas microrregi\u00f5es de Campanha Ocidental, Campanha Central, Santiago, Santa Maria, Cruz Alta, Iju\u00ed, Santo \u00c2ngelo, Cerro Largo e Santa Rosa. Nas demais localidades, h\u00e1 apenas uma possibilidade de chuva. Durante a tarde, as chuvas continuam em todo o estado. \u00c0 noite, deve haver chuvas fortes com ventos intensos na Metropolitana de Porto Velho, sudoeste, centro oriental e centro ocidental ga\u00facho.\u00a0<\/p>\n<p><strong>Temperatura m\u00ednima e m\u00e1xima na regi\u00e3o<\/strong><\/p>\n<p>A temperatura m\u00ednima fica em torno de 8\u00b0C no munic\u00edpio de Santa Vit\u00f3ria do Palmar, no Rio Grande do Sul, e a m\u00e1xima prevista \u00e9 de 33\u00baC na cidade de Icara\u00edma, no Paran\u00e1. A umidade relativa do ar varia entre 30% e 95%.<\/p>\n<p>As informa\u00e7\u00f5es s\u00e3o do Instituto Nacional de Meteorologia.<\/p>\n<p>\t\t\t\t\t\t\t\t\t<img loading=\"lazy\" decoding=\"async\" src=\"https:\/\/brasil61.com\/api\/v1\/serve_pixel\/17677\/73601\" alt=\"Pixel Brasil 61\" class=\"b61_pixel\" width=\"0\" height=\"0\"><\/p>\n<input type=\"hidden\" id=\"baseurl\" value=\"https:\/\/noticiasdestaque.com.br\"><input type=\"hidden\" id=\"audio_nonce\" value=\"6a24ca502e\">","protected":false},"excerpt":{"rendered":"<p>A temperatura pode variar entre 8\u00baC e 33\u00baC na Regi\u00e3o Sul<\/p>\n","protected":false},"author":1,"featured_media":14871,"comment_status":"open","ping_status":"open","sticky":false,"template":"","format":"standard","meta":{"fifu_image_url":"","fifu_image_alt":"","footnotes":""},"categories":[58],"tags":[],"class_list":["post-14870","post","type-post","status-publish","format-standard","has-post-thumbnail","hentry","category-cotidiano"],"distributor_meta":false,"distributor_terms":false,"distributor_media":false,"distributor_original_site_name":"Noticias em Destaque","distributor_original_site_url":"https:\/\/noticiasdestaque.com.br","push-errors":false,"_links":{"self":[{"href":"https:\/\/noticiasdestaque.com.br\/index.php\/wp-json\/wp\/v2\/posts\/14870","targetHints":{"allow":["GET"]}}],"collection":[{"href":"https:\/\/noticiasdestaque.com.br\/index.php\/wp-json\/wp\/v2\/posts"}],"about":[{"href":"https:\/\/noticiasdestaque.com.br\/index.php\/wp-json\/wp\/v2\/types\/post"}],"author":[{"embeddable":true,"href":"https:\/\/noticiasdestaque.com.br\/index.php\/wp-json\/wp\/v2\/users\/1"}],"replies":[{"embeddable":true,"href":"https:\/\/noticiasdestaque.com.br\/index.php\/wp-json\/wp\/v2\/comments?post=14870"}],"version-history":[{"count":0,"href":"https:\/\/noticiasdestaque.com.br\/index.php\/wp-json\/wp\/v2\/posts\/14870\/revisions"}],"wp:featuredmedia":[{"embeddable":true,"href":"https:\/\/noticiasdestaque.com.br\/index.php\/wp-json\/wp\/v2\/media\/14871"}],"wp:attachment":[{"href":"https:\/\/noticiasdestaque.com.br\/index.php\/wp-json\/wp\/v2\/media?parent=14870"}],"wp:term":[{"taxonomy":"category","embeddable":true,"href":"https:\/\/noticiasdestaque.com.br\/index.php\/wp-json\/wp\/v2\/categories?post=14870"},{"taxonomy":"post_tag","embeddable":true,"href":"https:\/\/noticiasdestaque.com.br\/index.php\/wp-json\/wp\/v2\/tags?post=14870"}],"curies":[{"name":"wp","href":"https:\/\/api.w.org\/{rel}","templated":true}]}}