{"id":14858,"date":"2024-07-27T00:03:00","date_gmt":"2024-07-27T03:03:00","guid":{"rendered":"https:\/\/noticiasdestaque.com.br\/index.php\/2024\/07\/27\/fiocruz-vsr-segue-como-principal-causa-de-internacoes-e-obitos-em-criancas\/"},"modified":"2024-07-27T00:03:00","modified_gmt":"2024-07-27T03:03:00","slug":"fiocruz-vsr-segue-como-principal-causa-de-internacoes-e-obitos-em-criancas","status":"publish","type":"post","link":"https:\/\/noticiasdestaque.com.br\/index.php\/2024\/07\/27\/fiocruz-vsr-segue-como-principal-causa-de-internacoes-e-obitos-em-criancas\/","title":{"rendered":"Fiocruz: VSR segue como principal causa de interna\u00e7\u00f5es e \u00f3bitos em crian\u00e7as"},"content":{"rendered":"<p>\t\t\t\t\t\t\t\t\t\t<audio controls class=\"b61_audio_player\" data-noticia=\"73598\" src=\"https:\/\/brasil61.com\/rails\/active_storage\/blobs\/eyJfcmFpbHMiOnsibWVzc2FnZSI6IkJBaHBBNXZuQWc9PSIsImV4cCI6bnVsbCwicHVyIjoiYmxvYl9pZCJ9fQ==--5696a25f0bbf129504e1019b59f40d0eb052fb26\/BRAS2412223A\"><\/audio><\/p>\n<p>Os pais e respons\u00e1veis devem seguir atentos com a circula\u00e7\u00e3o do v\u00edrus sincicial respirat\u00f3rio (VSR). O mais recente Boletim InfoGripe, da Funda\u00e7\u00e3o Oswaldo Cruz (Fiocruz), mostra um elevado n\u00famero de interna\u00e7\u00f5es e \u00f3bitos em crian\u00e7as pequenas. Atingindo 36,8% da popula\u00e7\u00e3o, ele ainda se mostra como a principal causa dos casos de hospitaliza\u00e7\u00f5es.\u00a0<\/p>\n<p>O levantamento revela sinais de interrup\u00e7\u00e3o do crescimento ou in\u00edcio de redu\u00e7\u00e3o das hospitaliza\u00e7\u00f5es em alguns estados do Centro-Sul. No entanto, em algumas regi\u00f5es do Sul e Sudeste ainda h\u00e1 manuten\u00e7\u00e3o do crescimento dos casos, como explica a pesquisadora do Programa de Computa\u00e7\u00e3o Cient\u00edfica da Fiocruz (Procc\/Fiocruz) e do InfoGripe Tatiana Portella.<\/p>\n<p>\u201cAlguns estados das regi\u00f5es Sudeste e Sul ainda apresentam um aumento de hospitaliza\u00e7\u00f5es por influenza em idosos, como os estados de Minas Gerais, Paran\u00e1 e Rio Grande do Sul, e tamb\u00e9m para o VSR em crian\u00e7as pequenas, at\u00e9 dois anos, nos estados de Santa Catarina e Rio Grande do Sul\u201d, destaca.<\/p>\n<p>Segundo a pesquisadora, a atualiza\u00e7\u00e3o constatou que alguns estados do Norte tamb\u00e9m registram continuidade do crescimento dos casos de VSR e rinov\u00edrus na popula\u00e7\u00e3o at\u00e9 dois anos.<\/p>\n<h2>Casos nos estados<\/h2>\n<p>De acordo com o estudo, existem ind\u00edcios de crescimento da S\u00edndrome Respirat\u00f3ria Aguda Grave (SRAG) na tend\u00eancia de longo prazo no Acre, Bahia, Minas Gerais e Roraima.\u00a0Entre as capitais, cinco t\u00eam ind\u00edcios de crescimento de SRAG: Boa Vista (RR), Fortaleza (CE), Rio Branco (AC), Salvador (BA) e S\u00e3o Lu\u00eds (MA).<\/p>\n<p>De acordo com a pesquisa, referente ao ano epidemiol\u00f3gico 2024, j\u00e1 houve 44,8% de notifica\u00e7\u00f5es do v\u00edrus sincicial respirat\u00f3rio. S\u00f3 nas \u00faltimas quatro semanas, a preval\u00eancia entre os casos positivos foi de 36,8% de v\u00edrus sincicial respirat\u00f3rio.<\/p>\n<p>\t\t\t\t\t\t\t\t\t<img loading=\"lazy\" decoding=\"async\" src=\"https:\/\/brasil61.com\/api\/v1\/serve_pixel\/17677\/73598\" alt=\"Pixel Brasil 61\" class=\"b61_pixel\" width=\"0\" height=\"0\"><\/p>\n<input type=\"hidden\" id=\"baseurl\" value=\"https:\/\/noticiasdestaque.com.br\"><input type=\"hidden\" id=\"audio_nonce\" value=\"6a24ca502e\">","protected":false},"excerpt":{"rendered":"<p>As infec\u00e7\u00f5es respirat\u00f3rias aumentaram principalmente em alguns estados do Sul e Sudeste, aponta Boletim InfoGripe<\/p>\n","protected":false},"author":1,"featured_media":14859,"comment_status":"open","ping_status":"open","sticky":false,"template":"","format":"standard","meta":{"fifu_image_url":"","fifu_image_alt":"","footnotes":""},"categories":[51],"tags":[],"class_list":["post-14858","post","type-post","status-publish","format-standard","has-post-thumbnail","hentry","category-saude"],"distributor_meta":false,"distributor_terms":false,"distributor_media":false,"distributor_original_site_name":"Noticias em Destaque","distributor_original_site_url":"https:\/\/noticiasdestaque.com.br","push-errors":false,"_links":{"self":[{"href":"https:\/\/noticiasdestaque.com.br\/index.php\/wp-json\/wp\/v2\/posts\/14858","targetHints":{"allow":["GET"]}}],"collection":[{"href":"https:\/\/noticiasdestaque.com.br\/index.php\/wp-json\/wp\/v2\/posts"}],"about":[{"href":"https:\/\/noticiasdestaque.com.br\/index.php\/wp-json\/wp\/v2\/types\/post"}],"author":[{"embeddable":true,"href":"https:\/\/noticiasdestaque.com.br\/index.php\/wp-json\/wp\/v2\/users\/1"}],"replies":[{"embeddable":true,"href":"https:\/\/noticiasdestaque.com.br\/index.php\/wp-json\/wp\/v2\/comments?post=14858"}],"version-history":[{"count":0,"href":"https:\/\/noticiasdestaque.com.br\/index.php\/wp-json\/wp\/v2\/posts\/14858\/revisions"}],"wp:featuredmedia":[{"embeddable":true,"href":"https:\/\/noticiasdestaque.com.br\/index.php\/wp-json\/wp\/v2\/media\/14859"}],"wp:attachment":[{"href":"https:\/\/noticiasdestaque.com.br\/index.php\/wp-json\/wp\/v2\/media?parent=14858"}],"wp:term":[{"taxonomy":"category","embeddable":true,"href":"https:\/\/noticiasdestaque.com.br\/index.php\/wp-json\/wp\/v2\/categories?post=14858"},{"taxonomy":"post_tag","embeddable":true,"href":"https:\/\/noticiasdestaque.com.br\/index.php\/wp-json\/wp\/v2\/tags?post=14858"}],"curies":[{"name":"wp","href":"https:\/\/api.w.org\/{rel}","templated":true}]}}