{"id":14854,"date":"2024-07-26T00:05:00","date_gmt":"2024-07-26T03:05:00","guid":{"rendered":"https:\/\/noticiasdestaque.com.br\/index.php\/2024\/07\/26\/creditos-de-carbono-no-brasil-emissoes-despencam-e-mercado-enfrenta-crise\/"},"modified":"2024-07-26T00:05:00","modified_gmt":"2024-07-26T03:05:00","slug":"creditos-de-carbono-no-brasil-emissoes-despencam-e-mercado-enfrenta-crise","status":"publish","type":"post","link":"https:\/\/noticiasdestaque.com.br\/index.php\/2024\/07\/26\/creditos-de-carbono-no-brasil-emissoes-despencam-e-mercado-enfrenta-crise\/","title":{"rendered":"Cr\u00e9ditos de Carbono no Brasil: emiss\u00f5es despencam e mercado enfrenta crise"},"content":{"rendered":"<p>\t\t\t\t\t\t\t\t\t\t<audio controls class=\"b61_audio_player\" data-noticia=\"73515\" src=\"https:\/\/brasil61.com\/rails\/active_storage\/blobs\/eyJfcmFpbHMiOnsibWVzc2FnZSI6IkJBaHBBMVBuQWc9PSIsImV4cCI6bnVsbCwicHVyIjoiYmxvYl9pZCJ9fQ==--4c3fa3e1d7ba98e38e90b47d0804cf14ec102e82\/BRAS2412207B\"><\/audio><\/p>\n<p>\t\t\t\t\t\t\t\t\t\t<audio controls class=\"b61_audio_player\" data-noticia=\"73515\" src=\"https:\/\/brasil61.com\/rails\/active_storage\/blobs\/eyJfcmFpbHMiOnsibWVzc2FnZSI6IkJBaHBBeExuQWc9PSIsImV4cCI6bnVsbCwicHVyIjoiYmxvYl9pZCJ9fQ==--f98d05a0f7a70175c40ab9647400713908b44add\/BRAS2412207A\"><\/audio><\/p>\n<p>Um estudo recente do Observat\u00f3rio de Conhecimento e Inova\u00e7\u00e3o em Bioeconomia da Funda\u00e7\u00e3o Getulio Vargas (FGV) revelou uma significativa queda no mercado volunt\u00e1rio de carbono no Brasil em 2023. Em compara\u00e7\u00e3o com 2021, que foi um ano recorde, o volume de cr\u00e9ditos emitidos caiu 89%, e o volume de cr\u00e9ditos aposentados diminuiu 44%. O estudo destaca a necessidade de melhorias no mercado para assegurar sua credibilidade e sustentabilidade. Andr\u00e9 Pereira de Morais Garcia, advogado especializado em Ambiental e ESG, explica.<\/p>\n<p>\u201cDe fato, houve uma redu\u00e7\u00e3o dentro do mercado brasileiro nas emiss\u00f5es dos cr\u00e9ditos. Isso decorre muito de uma expectativa de regula\u00e7\u00e3o do mercado de carbono com o PL 2148 de 2015. De fato, a aus\u00eancia dessa regulamenta\u00e7\u00e3o\u00a0leva a uma aus\u00eancia de credibilidade do nosso cr\u00e9dito, uma aus\u00eancia de exigibilidade de compensa\u00e7\u00e3o, desaquecendo o mercado brasileiro do cr\u00e9dito de carbono. Ent\u00e3o, isso \u00e9 prejudicial para esse mercado no Brasil, porque, de fato, a espera de uma regulamenta\u00e7\u00e3o cria graus de incerteza muito grandes dentro do mercado local.&#8221;<\/p>\n<p>O estudo da FGV destaca que, apesar do crescimento inicial do mercado, diversos problemas persistem, comprometendo a credibilidade e a sustentabilidade a longo prazo do mercado volunt\u00e1rio de carbono. Entre os principais desafios, destaca-se a dificuldade em assegurar que os cr\u00e9ditos de carbono realmente representem redu\u00e7\u00f5es reais, adicionais e permanentes das emiss\u00f5es de gases do efeito estufa. O especialista Andr\u00e9 Pereira de Morais Garcia explica os desafios do mercado de carbono no Brasil.\u00a0<\/p>\n<p>\u201cUm dos grandes desafios \u00e9 de fato a aprova\u00e7\u00e3o do PL 2148 de 2015; e n\u00e3o s\u00f3 a aprova\u00e7\u00e3o, como a gente comenta diversas vezes, mas a implementa\u00e7\u00e3o desse sistema, a integraliza\u00e7\u00e3o desse sistema para que comecem a ser emitidos cr\u00e9ditos de carbonos dentro desse mercado regulado. E especialmente n\u00e3o basta s\u00f3 a lei federal ser publicada, mas tamb\u00e9m um decreto regulamentador estabelecendo as diretrizes b\u00e1sicas e como que vai funcionar tudo isso.\u201d<\/p>\n<h2>Projetos de cr\u00e9dito de carbono no Brasil<\/h2>\n<p>O estudo da FGV tamb\u00e9m mostrou uma leve recupera\u00e7\u00e3o em 2023, com a emiss\u00e3o de 3,38 milh\u00f5es de cr\u00e9ditos provenientes de pouco mais de dez projetos. No entanto, a distribui\u00e7\u00e3o dos projetos foi desigual. As regi\u00f5es Norte e Nordeste destacaram-se com quatro e tr\u00eas projetos, respectivamente, enquanto as regi\u00f5es Centro-Oeste e Sudeste tiveram dois projetos cada e o Sul teve apenas um.<br \/>\nAl\u00e9m disso, houve uma mudan\u00e7a na composi\u00e7\u00e3o dos cr\u00e9ditos: em 2021, os cr\u00e9ditos de energia renov\u00e1vel representavam 29% do total, enquanto os cr\u00e9ditos de florestas e uso da terra correspondiam a 65%. Em 2023, os cr\u00e9ditos de energia renov\u00e1vel aumentaram para 45%, e os cr\u00e9ditos de florestas e uso da terra diminu\u00edram para 41%.\u00a0<\/p>\n<p>Al\u00e9m disso, os estados que tradicionalmente eram focados em projetos de florestas e uso da terra, como Mato Grosso, Amap\u00e1 e Acre, n\u00e3o emitiram mais cr\u00e9ditos em 2023. Em contraste, estados como Goi\u00e1s e Rond\u00f4nia come\u00e7aram a ganhar relev\u00e2ncia.\u00a0Os dados tamb\u00e9m mostram uma redu\u00e7\u00e3o no n\u00famero de estados com projetos de cr\u00e9ditos de carbono, de dez para cinco. Os estados que eram l\u00edderes em emiss\u00f5es de cr\u00e9ditos, como Rio Grande do Sul e Piau\u00ed, viram uma redu\u00e7\u00e3o significativa, enquanto a gest\u00e3o de res\u00edduos, anteriormente ativa em v\u00e1rios estados, agora est\u00e1 restrita a Minas Gerais.\u00a0<\/p>\n<p>Andr\u00e9 Pereira de Morais Garcia, advogado especializado em Ambiental\/ESG, destacou a import\u00e2ncia e o potencial do mercado de cr\u00e9dito de carbono no Brasil.<\/p>\n<p>\u201cO Brasil tem um potencial de cr\u00e9dito de carbono gigantesco, podendo trazer uma movimenta\u00e7\u00e3o de bilh\u00f5es de reais dentro da economia. E, de fato, com a regulamenta\u00e7\u00e3o do mercado de cr\u00e9dito de carbono aumentando a credibilidade do mercado brasileiro, a gente vai ter uma maior atratividade dos nossos cr\u00e9ditos de carbono a n\u00edveis internacionais.\u201d<\/p>\n<p>O estudo da FGV aponta para a necessidade urgente de reformas para garantir a efic\u00e1cia do mercado volunt\u00e1rio de carbono e sua contribui\u00e7\u00e3o efetiva para a mitiga\u00e7\u00e3o das mudan\u00e7as clim\u00e1ticas.<\/p>\n<p><strong><a href=\"https:\/\/brasil61.com\/n\/mercado-de-carbono-pode-gerar-us-120-bilhoes-para-o-brasil-ate-2030-pind234050#:~:text=%C3%9ALTIMAS%20SOBRE%20MEIO%20AMBIENTE&amp;text=O%20potencial%20de%20gera%C3%A7%C3%A3o%20de,em%20parceria%20com%20a%20WayCarbon.\" target=\"_blank\" rel=\"noopener\">Mercado de carbono pode gerar US$ 120 bilh\u00f5es para o Brasil at\u00e9 2030<\/a><\/strong><\/p>\n<p><a href=\"https:\/\/brasil61.com\/n\/regulamentacao-do-mercado-de-carbono-pode-aumentar-pib-em-5-estima-cni-pivd230025\" target=\"_blank\" rel=\"noopener\"><strong>Regulamenta\u00e7\u00e3o do mercado de carbono pode aumentar PIB em 5%, estima CNI<\/strong><\/a><\/p>\n<p><a href=\"https:\/\/brasil61.com\/n\/armazenamento-de-co2-pode-ajudar-no-cumprimento-das-metas-de-reducao-de-emissoes-de-gases-pind234433\" target=\"_blank\" rel=\"noopener\"><strong>Armazenamento de CO2 pode ajudar no cumprimento das metas de redu\u00e7\u00e3o de emiss\u00f5es de gases<\/strong><\/a><\/p>\n<h2>O que \u00e9 mercado de carbono<\/h2>\n<p>O mercado de cr\u00e9dito de carbono \u00e9 um sistema de compensa\u00e7\u00e3o de emiss\u00e3o de carbono. Funciona assim: cada empresa tem um limite determinado para emitir gases de efeito estufa. As que emitem menos ficam com cr\u00e9ditos, que podem ser vendidos \u00e0quelas que passaram do limite. O cr\u00e9dito de carbono equivale a 1 tonelada de g\u00e1s carb\u00f4nico (CO\u00b2) ou outros gases\u00a0que deixou de ser emitida para a atmosfera.\u00a0<\/p>\n<p>Os mercados de carbono passaram a ganhar mais \u00eanfase em todo o mundo desde a assinatura, por pa\u00edses da Organiza\u00e7\u00e3o das Na\u00e7\u00f5es Unidas (ONU), do Protocolo de Kyoto, em 1997. O acordo entre as na\u00e7\u00f5es estabeleceu a meta de que pa\u00edses desenvolvidos deveriam diminuir em 5,2% suas emiss\u00f5es de gases que provocam o chamado efeito estufa. A redu\u00e7\u00e3o deveria ocorrer at\u00e9 2012. J\u00e1 em 2015, com a assinatura do Acordo de Paris, as metas foram renovadas e passaram a contar com incentivos \u00e0 iniciativa privada.\u00a0<\/p>\n<p>\t\t\t\t\t\t\t\t\t<img loading=\"lazy\" decoding=\"async\" src=\"https:\/\/brasil61.com\/api\/v1\/serve_pixel\/17677\/73515\" alt=\"Pixel Brasil 61\" class=\"b61_pixel\" width=\"0\" height=\"0\"><\/p>\n<input type=\"hidden\" id=\"baseurl\" value=\"https:\/\/noticiasdestaque.com.br\"><input type=\"hidden\" id=\"audio_nonce\" value=\"6a24ca502e\">","protected":false},"excerpt":{"rendered":"<p>Estudo aponta redu\u00e7\u00e3o dr\u00e1stica na emiss\u00e3o de cr\u00e9ditos e destaca necessidade urgente de reformas para garantir a credibilidade e efic\u00e1cia do setor<\/p>\n","protected":false},"author":1,"featured_media":14855,"comment_status":"open","ping_status":"open","sticky":false,"template":"","format":"standard","meta":{"fifu_image_url":"","fifu_image_alt":"","footnotes":""},"categories":[48],"tags":[],"class_list":["post-14854","post","type-post","status-publish","format-standard","has-post-thumbnail","hentry","category-mundo"],"distributor_meta":false,"distributor_terms":false,"distributor_media":false,"distributor_original_site_name":"Noticias em Destaque","distributor_original_site_url":"https:\/\/noticiasdestaque.com.br","push-errors":false,"_links":{"self":[{"href":"https:\/\/noticiasdestaque.com.br\/index.php\/wp-json\/wp\/v2\/posts\/14854","targetHints":{"allow":["GET"]}}],"collection":[{"href":"https:\/\/noticiasdestaque.com.br\/index.php\/wp-json\/wp\/v2\/posts"}],"about":[{"href":"https:\/\/noticiasdestaque.com.br\/index.php\/wp-json\/wp\/v2\/types\/post"}],"author":[{"embeddable":true,"href":"https:\/\/noticiasdestaque.com.br\/index.php\/wp-json\/wp\/v2\/users\/1"}],"replies":[{"embeddable":true,"href":"https:\/\/noticiasdestaque.com.br\/index.php\/wp-json\/wp\/v2\/comments?post=14854"}],"version-history":[{"count":0,"href":"https:\/\/noticiasdestaque.com.br\/index.php\/wp-json\/wp\/v2\/posts\/14854\/revisions"}],"wp:featuredmedia":[{"embeddable":true,"href":"https:\/\/noticiasdestaque.com.br\/index.php\/wp-json\/wp\/v2\/media\/14855"}],"wp:attachment":[{"href":"https:\/\/noticiasdestaque.com.br\/index.php\/wp-json\/wp\/v2\/media?parent=14854"}],"wp:term":[{"taxonomy":"category","embeddable":true,"href":"https:\/\/noticiasdestaque.com.br\/index.php\/wp-json\/wp\/v2\/categories?post=14854"},{"taxonomy":"post_tag","embeddable":true,"href":"https:\/\/noticiasdestaque.com.br\/index.php\/wp-json\/wp\/v2\/tags?post=14854"}],"curies":[{"name":"wp","href":"https:\/\/api.w.org\/{rel}","templated":true}]}}