{"id":14812,"date":"2024-07-25T18:00:00","date_gmt":"2024-07-25T21:00:00","guid":{"rendered":"https:\/\/noticiasdestaque.com.br\/index.php\/2024\/07\/25\/previsao-do-tempo-sexta-feira-26-tem-chuva-no-rio-grande-do-sul\/"},"modified":"2024-07-25T18:00:00","modified_gmt":"2024-07-25T21:00:00","slug":"previsao-do-tempo-sexta-feira-26-tem-chuva-no-rio-grande-do-sul","status":"publish","type":"post","link":"https:\/\/noticiasdestaque.com.br\/index.php\/2024\/07\/25\/previsao-do-tempo-sexta-feira-26-tem-chuva-no-rio-grande-do-sul\/","title":{"rendered":"PREVIS\u00c3O DO TEMPO: sexta-feira (26) tem chuva no Rio Grande do Sul"},"content":{"rendered":"<p>\t\t\t\t\t\t\t\t\t\t<audio controls class=\"b61_audio_player\" data-noticia=\"73562\" src=\"https:\/\/brasil61.com\/rails\/active_storage\/blobs\/eyJfcmFpbHMiOnsibWVzc2FnZSI6IkJBaHBBemZuQWc9PSIsImV4cCI6bnVsbCwicHVyIjoiYmxvYl9pZCJ9fQ==--603730e6c20d32ce5685f7bfd09495b97a4cbda2\/PTRS243594A\"><\/audio><\/p>\n<p>Nesta sexta-feira (26), o dia come\u00e7a com chuvas isoladas no noroeste, nordeste e centro oriental ga\u00facho. Possibilidade de chuva na metropolitana de Porto Alegre, sudeste e centro oriental ga\u00facho. Sem previs\u00e3o de chuvas no sudoeste.\u00a0<\/p>\n<p>Durante a tarde, h\u00e1 possibilidade de chuva nas microrregi\u00f5es de Santa Rosa, Tr\u00eas Passos, Frederico Westphalen, Erechim, Sananduva, Carazinho, Passo Fundo e Vacaria. Nas demais localidades, sem previs\u00e3o de chuva.\u00a0<\/p>\n<p>\u00c0 noite, h\u00e1 possibilidade de chuva na metropolitana de Porto Alegre, nordeste e noroeste ga\u00facho.\u00a0<\/p>\n<p>A temperatura m\u00ednima fica em torno de 7\u00b0C, em Santa Vit\u00f3ria do Palmar, e a m\u00e1xima prevista \u00e9 de 29\u00baC, em S\u00e3o Borja. A umidade relativa do ar varia entre 65% e 95%.<\/p>\n<p>As informa\u00e7\u00f5es s\u00e3o do Instituto Nacional de Meteorologia.<br \/>\n\u00a0<\/p>\n<p>\t\t\t\t\t\t\t\t\t<img loading=\"lazy\" decoding=\"async\" src=\"https:\/\/brasil61.com\/api\/v1\/serve_pixel\/17677\/73562\" alt=\"Pixel Brasil 61\" class=\"b61_pixel\" width=\"0\" height=\"0\"><\/p>\n<input type=\"hidden\" id=\"baseurl\" value=\"https:\/\/noticiasdestaque.com.br\"><input type=\"hidden\" id=\"audio_nonce\" value=\"6f73a554f1\">","protected":false},"excerpt":{"rendered":"<p>A temperatura pode variar entre 7\u00baC e 29\u00baC<\/p>\n","protected":false},"author":1,"featured_media":14813,"comment_status":"open","ping_status":"open","sticky":false,"template":"","format":"standard","meta":{"fifu_image_url":"","fifu_image_alt":"","footnotes":""},"categories":[58],"tags":[],"class_list":["post-14812","post","type-post","status-publish","format-standard","has-post-thumbnail","hentry","category-cotidiano"],"distributor_meta":false,"distributor_terms":false,"distributor_media":false,"distributor_original_site_name":"Noticias em Destaque","distributor_original_site_url":"https:\/\/noticiasdestaque.com.br","push-errors":false,"_links":{"self":[{"href":"https:\/\/noticiasdestaque.com.br\/index.php\/wp-json\/wp\/v2\/posts\/14812","targetHints":{"allow":["GET"]}}],"collection":[{"href":"https:\/\/noticiasdestaque.com.br\/index.php\/wp-json\/wp\/v2\/posts"}],"about":[{"href":"https:\/\/noticiasdestaque.com.br\/index.php\/wp-json\/wp\/v2\/types\/post"}],"author":[{"embeddable":true,"href":"https:\/\/noticiasdestaque.com.br\/index.php\/wp-json\/wp\/v2\/users\/1"}],"replies":[{"embeddable":true,"href":"https:\/\/noticiasdestaque.com.br\/index.php\/wp-json\/wp\/v2\/comments?post=14812"}],"version-history":[{"count":0,"href":"https:\/\/noticiasdestaque.com.br\/index.php\/wp-json\/wp\/v2\/posts\/14812\/revisions"}],"wp:featuredmedia":[{"embeddable":true,"href":"https:\/\/noticiasdestaque.com.br\/index.php\/wp-json\/wp\/v2\/media\/14813"}],"wp:attachment":[{"href":"https:\/\/noticiasdestaque.com.br\/index.php\/wp-json\/wp\/v2\/media?parent=14812"}],"wp:term":[{"taxonomy":"category","embeddable":true,"href":"https:\/\/noticiasdestaque.com.br\/index.php\/wp-json\/wp\/v2\/categories?post=14812"},{"taxonomy":"post_tag","embeddable":true,"href":"https:\/\/noticiasdestaque.com.br\/index.php\/wp-json\/wp\/v2\/tags?post=14812"}],"curies":[{"name":"wp","href":"https:\/\/api.w.org\/{rel}","templated":true}]}}