{"id":14770,"date":"2024-07-25T00:03:00","date_gmt":"2024-07-25T03:03:00","guid":{"rendered":"https:\/\/noticiasdestaque.com.br\/index.php\/2024\/07\/25\/censo-das-ubss-prazo-para-preenchimento-termina-dia-31-de-julho\/"},"modified":"2024-07-25T00:03:00","modified_gmt":"2024-07-25T03:03:00","slug":"censo-das-ubss-prazo-para-preenchimento-termina-dia-31-de-julho","status":"publish","type":"post","link":"https:\/\/noticiasdestaque.com.br\/index.php\/2024\/07\/25\/censo-das-ubss-prazo-para-preenchimento-termina-dia-31-de-julho\/","title":{"rendered":"Censo das UBSs: prazo para preenchimento termina dia 31 de julho"},"content":{"rendered":"<p>\t\t\t\t\t\t\t\t\t\t<audio controls class=\"b61_audio_player\" data-noticia=\"73520\" src=\"https:\/\/brasil61.com\/rails\/active_storage\/blobs\/eyJfcmFpbHMiOnsibWVzc2FnZSI6IkJBaHBBK2JtQWc9PSIsImV4cCI6bnVsbCwicHVyIjoiYmxvYl9pZCJ9fQ==--b57686f44f0ae8f6988a5abb6ac83027bb82b88b\/BRAS2412209A\"><\/audio><\/p>\n<p>Os gestores municipais t\u00eam at\u00e9 31 de julho para responderem ao <a href=\"https:\/\/sisapsdoc.saude.gov.br\/Censo-ubs\" target=\"_blank\" rel=\"noopener\">Censo Nacional das Unidades B\u00e1sicas de Sa\u00fade<\/a> por meio do sistema <a href=\"https:\/\/egestorab.saude.gov.br\/\" target=\"_blank\" rel=\"noopener\">e-Gestor<\/a>. As 150 perguntas, dirigidas a um profissional de sa\u00fade por UBS, devem ser respondidas juntamente com a equipe.<\/p>\n<p>Segundo o Minist\u00e9rio da Sa\u00fade (MS), na Plataforma do Censo das UBS foram inclu\u00eddas 49.738 unidades de sa\u00fade relativas aos servi\u00e7os que constavam na base do Cadastro Nacional de Estabelecimentos de Sa\u00fade (CNES) \u2013 na compet\u00eancia de mar\u00e7o de 2024. A pasta informou que, at\u00e9 o dia 23 de julho, cerca de 62% do total de unidades iniciaram ou j\u00e1 finalizaram o preenchimento do Censo.\u00a0<\/p>\n<p>O levantamento, coordenado pelo MS, busca entender as necessidades dos profissionais e usu\u00e1rios das UBSs do Brasil. A ideia \u00e9 identificar as \u00e1reas priorit\u00e1rias para investimentos no Sistema \u00danico de Sa\u00fade (SUS), al\u00e9m das demandas dos profissionais das unidades e dos respectivos gestores locais no que diz respeito \u00e0 infraestrutura, equipamentos, \u00a0insumos e, ainda, oferta de a\u00e7\u00f5es e servi\u00e7os.<\/p>\n<p>Em nota, o Minist\u00e9rio da Sa\u00fade destacou que o levantamento busca diagnosticar mais precisamente a oferta de servi\u00e7os, bem como a estrutura das UBS, com o objetivo de fortalecer a oferta de servi\u00e7os no SUS.<\/p>\n<p>\u201cO objetivo da a\u00e7\u00e3o \u00e9 obter subs\u00eddios para organizar os investimentos e programas voltados para a Aten\u00e7\u00e3o Prim\u00e1ria, a fim de alocar melhor os recursos p\u00fablicos e fortalecer a assist\u00eancia ao usu\u00e1rio do Sistema \u00danico de Sa\u00fade (SUS)\u201d, diz um trecho da nota.<\/p>\n<p>A t\u00e9cnica em enfermagem da Estrat\u00e9gia da Fam\u00edlia Viva Mais, UBS S\u00e3o Pedro, do munic\u00edpio Tr\u00eas de Maio (RS), Bianca Jost, destaca o papel do atendimento das UBSs e a import\u00e2ncia do preenchimento do Censo a fim de melhorias na oferta de servi\u00e7os \u00e0 popula\u00e7\u00e3o.<\/p>\n<p>\u201cAs UBSs e o SUS s\u00e3o portas de entrada para diversos procedimentos, desde coisas simples como aferir press\u00e3o arterial, a coisas mais complexas como encaminhamentos para cirurgias. Tudo passa pela UBS. Sendo assim, o Censo \u00e9 importante para n\u00f3s profissionais, para sabermos a demanda dos nossos pacientes e o que eles mais precisam. Como com esses dados, podemos planejar e organizar os atendimentos da melhor maneira poss\u00edvel\u201d, avalia Bianca Jost.<\/p>\n<p>A expectativa do Minist\u00e9rio da Sa\u00fade \u00e9 de que at\u00e9 o dia 31 de julho 100% dos munic\u00edpios tenham finalizado o question\u00e1rio, com exce\u00e7\u00e3o do estado do Rio Grande do Sul (RS). Por conta da calamidade das enchentes, o RS tem o prazo estendido para completar o Censo at\u00e9 30 de setembro. Al\u00e9m disso, o estado contar\u00e1 com m\u00f3dulo espec\u00edfico para orientar os gestores nas respostas aos question\u00e1rios em rela\u00e7\u00e3o aos munic\u00edpios cujas UBS foram atingidas pelas inunda\u00e7\u00f5es.<\/p>\n<h2>Como preencher o question\u00e1rio do Censo<\/h2>\n<p>O preenchimento do question\u00e1rio \u00e9 feito por meio da plataforma e-Gestor, que deve ser acessada pelo gestor municipal. A permiss\u00e3o do acesso ocorre apenas com o login gov.br e necessita da <a href=\"https:\/\/sisapsdoc.saude.gov.br\/gerenciaaps\/adesao\/censoaps\" target=\"_blank\" rel=\"noopener\">manifesta\u00e7\u00e3o de interesse<\/a> (MI) do gestor municipal. A MI \u00e9 feita dentro do sistema \u201cGerencia APS\u201d \u2013 no e-Gestor.<\/p>\n<p>Ap\u00f3s a manifesta\u00e7\u00e3o de interesse, que \u00e9 a ades\u00e3o, a plataforma do Censo ser\u00e1 liberada para cadastrar os respons\u00e1veis e responder ao Censo das UBS \u00a0\u2013 a recomenda\u00e7\u00e3o da Secretaria de Aten\u00e7\u00e3o Prim\u00e1ria \u00e0 Sa\u00fade (Saps) \u00e9 que seja escolhido um respondente por UBS do munic\u00edpio. A prefer\u00eancia deve ser ao gerente ou coordenador da unidade ou o, ainda, o profissional da sa\u00fade com maior conhecimento sobre a UBS.<\/p>\n<p>O Minist\u00e9rio da Sa\u00fade produziu v\u00eddeos para orientar o preenchimento do Censo: <a href=\"https:\/\/www.youtube.com\/watch?v=qnMvKDzokK0&amp;list=PL_rQTI99G4P9RVCnl7xZsWXkq_kBFWFBX&amp;index=4\" target=\"_blank\" rel=\"noopener\">como fazer a manifesta\u00e7\u00e3o de interesse<\/a>; <a href=\"https:\/\/www.youtube.com\/watch?v=qDrsnk4MPgU&amp;list=PL_rQTI99G4P9RVCnl7xZsWXkq_kBFWFBX&amp;index=4\" target=\"_blank\" rel=\"noopener\">cadastro do respondente do censo das UBS<\/a>; para detalhar as<a href=\"https:\/\/www.youtube.com\/watch?v=ORSXng2noMY&amp;list=PL_rQTI99G4P9RVCnl7xZsWXkq_kBFWFBX&amp;index=1\" target=\"_blank\" rel=\"noopener\"> informa\u00e7\u00f5es dispon\u00edveis no painel do gestor<\/a>; e mostrar como \u00e9 o <a href=\"https:\/\/www.youtube.com\/watch?v=yrffy2mUPAk&amp;list=PL_rQTI99G4P9RVCnl7xZsWXkq_kBFWFBX&amp;index=5\" target=\"_blank\" rel=\"noopener\">acesso do respondente ao question\u00e1rio<\/a>.<\/p>\n<h2>Impactos da falta de ades\u00e3o ao Censo<\/h2>\n<p>A Secretaria de Estado da Sa\u00fade de Goi\u00e1s (SES-GO) aponta que a aus\u00eancia de ades\u00e3o por parte dos munic\u00edpios impede o mapeamento de necessidades das UBSs e, ainda, dificulta a cria\u00e7\u00e3o de pol\u00edticas p\u00fablicas.<\/p>\n<p>\u201cA falta de resposta por parte do munic\u00edpio\u00a0impede a identifica\u00e7\u00e3o das reais necessidades e desafios enfrentados na presta\u00e7\u00e3o dos servi\u00e7os de aten\u00e7\u00e3o prim\u00e1ria, sejam eles relacionados \u00e0 infraestrutura, aos profissionais de sa\u00fade ou aos insumos. Essa falta de comunica\u00e7\u00e3o pode dificultar a formula\u00e7\u00e3o de pol\u00edticas p\u00fablicas mais justas e eficazes para promover melhorias cont\u00ednuas no acesso e na qualidade dos servi\u00e7os de sa\u00fade oferecidos \u00e0 popula\u00e7\u00e3o\u201d, diz um trecho da nota da SES-GO.<\/p>\n<p>Na avalia\u00e7\u00e3o da SES-GO, o prov\u00e1vel n\u00edvel baixo de resposta pode estar relacionado a fatores como o per\u00edodo eleitoral municipal e, ainda, ao receio de gestores municipais exporem fragilidades no sistema de sa\u00fade municipal.<\/p>\n<p>\u201cAs respostas ficam comprometidas durante o per\u00edodo eleitoral municipal e as f\u00e9rias dos profissionais de sa\u00fade e gestores. Alguns gestores municipais tamb\u00e9m demonstram receio em expor fragilidades. \u00c9 essencial articular estrat\u00e9gias de convencimento, mesmo sem envolvimento de recursos financeiros, devido \u00e0 falta de conhecimento sobre onde obter as informa\u00e7\u00f5es necess\u00e1rias para responder adequadamente\u201d, diz a nota da SES-GO.<\/p>\n<p>A Secretaria Estadual de Sa\u00fade de Roraima (SES-RR) ressalta a import\u00e2ncia do Censo do ponto de vista da gest\u00e3o p\u00fablica. \u201cMelhorar as informa\u00e7\u00f5es sobre os servi\u00e7os da Aten\u00e7\u00e3o B\u00e1sica para a popula\u00e7\u00e3o. Os dados apontados pela pesquisa possibilitam aos gestores terem mais clareza acerca da necessidade de investimentos. O Censo, por sua vez, vai identificar gargalos e insufici\u00eancias dos servi\u00e7os para garantir os atributos da Aten\u00e7\u00e3o Prim\u00e1ria\u201d, menciona a SES-RR em nota.<\/p>\n<p>Segundo a Secretaria da Sa\u00fade do Estado da Bahia (SES-BA), o n\u00edvel de resposta tem melhorado, considerando a data final de 31 de julho para finalizar o question\u00e1rio. \u201cEntretanto, os munic\u00edpios relatam problemas no sistema\u201d, diz a nota da SES-BA. Entre os problemas no Sistema e-Gestor Aten\u00e7\u00e3o B\u00e1sica, apontados pela secretaria, est\u00e3o\u00a0a solicita\u00e7\u00e3o de c\u00f3digo de acesso (bug do sistema), p\u00e1gina dando erro, lentid\u00e3o e Instabilidade.<\/p>\n<p>A SES-BA informa que h\u00e1 tamb\u00e9m visualiza\u00e7\u00e3o em tela com delay \u201cmunic\u00edpios informam que, ap\u00f3s concluir o censo, as informa\u00e7\u00f5es em tela n\u00e3o ficam atualizadas\u201d, diz a SES-BA.<\/p>\n<p>J\u00e1 a Secretaria de Estado de Sa\u00fade (SES-MT), em nota, aponta que \u201cos munic\u00edpios que n\u00e3o participam perdem oportunidades de contemplar suas especificidades no perfil das pol\u00edticas e investimentos nacionais\u201d. Segundo a SES-MT, os munic\u00edpios tamb\u00e9m relataram problemas no sistema.<\/p>\n<p><strong>Confira ades\u00e3o de alguns estados ao question\u00e1rio:<\/strong><\/p>\n<ul>\n<li>Goi\u00e1s (1.547 UBSs): 42,8% conclu\u00eddos, 7,6% em andamento e 49,6% n\u00e3o iniciados (em 22 de julho)<\/li>\n<li>Bahia: (4935 UBSs): 44% conclu\u00eddos, 13% em andamento, 3% inativos e 40% n\u00e3o iniciados \u2013 este \u00faltimo corresponde a 614 UBS em 106 munic\u00edpios (dados de 23 de julho)<\/li>\n<li>Roraima (110 UBSs): 39% conclu\u00edram o preenchimento do Censo, 2,6% est\u00e3o em andamento e 57,7% n\u00e3o iniciaram \u00a0(dados de 23 de julho)<\/li>\n<li>Esp\u00edrito Santo: 502 UBSs conclu\u00edram o question\u00e1rio, 318 n\u00e3o iniciaram o preenchimento e 50 iniciaram, mas n\u00e3o completaram.<\/li>\n<li>Rio de Janeiro (2.116 UBSs participantes): 75,2%, conclu\u00edram, 10,7% em andamento e 14,1% n\u00e3o come\u00e7aram a responder.<\/li>\n<li>Mato Grosso (1.024 UBSs ativas): 637 responderam (62,20%), 138 iniciaram (13,4%) e 249 ainda n\u00e3o iniciaram (24,3%).\u00a0<\/li>\n<\/ul>\n<h2>Censo das UBSs<\/h2>\n<p>O Censo das UBS 2024 \u00e9 a primeira edi\u00e7\u00e3o do levantamento nacional e tem parceria com os conselhos Nacional de Secret\u00e1rios de Sa\u00fade (Conass),\u00a0Secretarias Municipais de Sa\u00fade (Conasems), a Associa\u00e7\u00e3o Brasileira de Sa\u00fade Coletiva (Abrasco), o Conselho Nacional de Sa\u00fade (CNS), a Organiza\u00e7\u00e3o Pan-Americana da Sa\u00fade (Opas), o Instituto de Pesquisa Econ\u00f4mica Aplicada (Ipea), a Rede de Pesquisa em Aten\u00e7\u00e3o Prim\u00e1ria \u00e0 Sa\u00fade (Rede APS) e representantes da comunidade acad\u00eamica.\u00a0<\/p>\n<p>\t\t\t\t\t\t\t\t\t<img loading=\"lazy\" decoding=\"async\" src=\"https:\/\/brasil61.com\/api\/v1\/serve_pixel\/17677\/73520\" alt=\"Pixel Brasil 61\" class=\"b61_pixel\" width=\"0\" height=\"0\"><\/p>\n<input type=\"hidden\" id=\"baseurl\" value=\"https:\/\/noticiasdestaque.com.br\"><input type=\"hidden\" id=\"audio_nonce\" value=\"6a24ca502e\">","protected":false},"excerpt":{"rendered":"<p>Gestores municipais devem acessar a plataforma e-Gestor para responder ao levantamento nacional. O objetivo \u00e9 entender as necessidades dos profissionais e usu\u00e1rios das cerca de 50 mil UBSs do pa\u00eds <\/p>\n","protected":false},"author":1,"featured_media":14771,"comment_status":"open","ping_status":"open","sticky":false,"template":"","format":"standard","meta":{"fifu_image_url":"","fifu_image_alt":"","footnotes":""},"categories":[51],"tags":[],"class_list":["post-14770","post","type-post","status-publish","format-standard","has-post-thumbnail","hentry","category-saude"],"distributor_meta":false,"distributor_terms":false,"distributor_media":false,"distributor_original_site_name":"Noticias em Destaque","distributor_original_site_url":"https:\/\/noticiasdestaque.com.br","push-errors":false,"_links":{"self":[{"href":"https:\/\/noticiasdestaque.com.br\/index.php\/wp-json\/wp\/v2\/posts\/14770","targetHints":{"allow":["GET"]}}],"collection":[{"href":"https:\/\/noticiasdestaque.com.br\/index.php\/wp-json\/wp\/v2\/posts"}],"about":[{"href":"https:\/\/noticiasdestaque.com.br\/index.php\/wp-json\/wp\/v2\/types\/post"}],"author":[{"embeddable":true,"href":"https:\/\/noticiasdestaque.com.br\/index.php\/wp-json\/wp\/v2\/users\/1"}],"replies":[{"embeddable":true,"href":"https:\/\/noticiasdestaque.com.br\/index.php\/wp-json\/wp\/v2\/comments?post=14770"}],"version-history":[{"count":0,"href":"https:\/\/noticiasdestaque.com.br\/index.php\/wp-json\/wp\/v2\/posts\/14770\/revisions"}],"wp:featuredmedia":[{"embeddable":true,"href":"https:\/\/noticiasdestaque.com.br\/index.php\/wp-json\/wp\/v2\/media\/14771"}],"wp:attachment":[{"href":"https:\/\/noticiasdestaque.com.br\/index.php\/wp-json\/wp\/v2\/media?parent=14770"}],"wp:term":[{"taxonomy":"category","embeddable":true,"href":"https:\/\/noticiasdestaque.com.br\/index.php\/wp-json\/wp\/v2\/categories?post=14770"},{"taxonomy":"post_tag","embeddable":true,"href":"https:\/\/noticiasdestaque.com.br\/index.php\/wp-json\/wp\/v2\/tags?post=14770"}],"curies":[{"name":"wp","href":"https:\/\/api.w.org\/{rel}","templated":true}]}}