{"id":14768,"date":"2024-07-25T00:01:00","date_gmt":"2024-07-25T03:01:00","guid":{"rendered":"https:\/\/noticiasdestaque.com.br\/index.php\/2024\/07\/25\/seis-das-10-cidades-mais-violentas-do-brasil-em-2023-estao-na-bahia\/"},"modified":"2024-07-25T00:01:00","modified_gmt":"2024-07-25T03:01:00","slug":"seis-das-10-cidades-mais-violentas-do-brasil-em-2023-estao-na-bahia","status":"publish","type":"post","link":"https:\/\/noticiasdestaque.com.br\/index.php\/2024\/07\/25\/seis-das-10-cidades-mais-violentas-do-brasil-em-2023-estao-na-bahia\/","title":{"rendered":"Seis das 10 cidades mais violentas do Brasil em 2023 est\u00e3o na Bahia"},"content":{"rendered":"<p>\t\t\t\t\t\t\t\t\t\t<audio controls class=\"b61_audio_player\" data-noticia=\"73547\" src=\"https:\/\/brasil61.com\/rails\/active_storage\/blobs\/eyJfcmFpbHMiOnsibWVzc2FnZSI6IkJBaHBBeEhuQWc9PSIsImV4cCI6bnVsbCwicHVyIjoiYmxvYl9pZCJ9fQ==--0c6b404647af787b5828983794ff3663cd11235b\/BRAS2412211A\"><\/audio><\/p>\n<p>Seis dos dez munic\u00edpios mais violentos do Brasil no ano passado pertencem \u00e0 Bahia. \u00c9 o que aponta a edi\u00e7\u00e3o mais recente do Anu\u00e1rio Brasileiro de Seguran\u00e7a P\u00fablica, divulgada pelo F\u00f3rum Brasileiro de Seguran\u00e7a P\u00fablica (FBSP).\u00a0<\/p>\n<p>O ranking, que considera apenas as cidades com popula\u00e7\u00e3o superior a 100 mil habitantes, \u00e9 liderado por Santana (AP). O munic\u00edpio amapaense registrou taxa de 92,9 mortes violentas intencionais (MVI) a cada 100 mil habitantes, em 2023, quase o dobro em rela\u00e7\u00e3o a 2022.\u00a0<\/p>\n<p>De acordo com o levantamento, as mortes violentas intencionais englobam as v\u00edtimas de homic\u00eddio doloso, latroc\u00ednio, les\u00e3o corporal seguida de morte\u00a0e de interven\u00e7\u00f5es policiais em servi\u00e7o e fora de servi\u00e7o.\u00a0<\/p>\n<h2>Confira quais foram as 10 cidades mais violentas do Brasil em 2023<\/h2>\n<p><b id=\"docs-internal-guid-0ab3bac2-7fff-0e20-f993-6ad961247bef\"><img loading=\"lazy\" decoding=\"async\" style=\"width:100%\" height=\"466\" src=\"https:\/\/noticiasdestaque.com.br\/wp-content\/uploads\/2024\/07\/Seisdas10cidadesmaisviolentasdoBrasilem2023estonaBahia_0585660001721876500.png\" width=\"409\" \/><\/b><\/p>\n<p><span style=\"font-size:11px\">Fonte: Anu\u00e1rio Brasileiro de Seguran\u00e7a P\u00fablica\/F\u00f3rum Brasileiro de Seguran\u00e7a P\u00fablica (FBSP)<\/span><\/p>\n<h2>Causas<\/h2>\n<p>Os pesquisadores respons\u00e1veis pelo anu\u00e1rio acreditam que h\u00e1 duas principais explica\u00e7\u00f5es para as MVI no pa\u00eds. A primeira, est\u00e1 associada \u00e0s disputas de mercados e pontos de venda de drogas entre as diversas fac\u00e7\u00f5es de base prisional e mil\u00edcias que controlam territ\u00f3rios de forma armada e violenta.\u00a0<\/p>\n<p>Especialista em seguran\u00e7a p\u00fablica e intelig\u00eancia policial, Andr\u00e9 Santos Pereira aponta que a viol\u00eancia cresce \u00e0 medida em que se multiplicam as organiza\u00e7\u00f5es criminosas, abastecidas pelo tr\u00e1fico internacional de drogas.\u00a0<\/p>\n<p>&#8220;O Brasil \u00e9 rota do tr\u00e1fico internacional da droga produzida na Col\u00f4mbia, no Peru e na Bol\u00edvia. Portanto, n\u00f3s somos um entreposto dessas mercadorias e, por \u00f3bvio, isso passando pelo pa\u00eds, tem algu\u00e9m que cuida dessa rota e, normalmente, n\u00f3s temos a fixa\u00e7\u00e3o dessas organiza\u00e7\u00f5es criminosas nos pres\u00eddios brasileiros. Temos 72 organiza\u00e7\u00f5es de base prisional sendo as &#8220;gestoras&#8221; dessas atividades il\u00edcitas. A repercuss\u00e3o das ordens delas ocorre na vida do cidad\u00e3o comum&#8221;.<\/p>\n<p>De acordo com o FBSP e o Instituto de Pesquisa Econ\u00f4mica Aplicada (Ipea), at\u00e9 2022, pelo menos dez fac\u00e7\u00f5es disputavam territ\u00f3rios em terra e na Ba\u00eda de Todos os Santos, um espa\u00e7o geogr\u00e1fico estrat\u00e9gico para a log\u00edstica de transporte, fornecimento e exporta\u00e7\u00e3o de drogas e armas. N\u00e3o \u00e0 toa, munic\u00edpios ao seu redor, como Salvador e Cama\u00e7ari, foram aqueles com maior n\u00famero de tiroteios em 2022, segundo o Instituto Fogo Cruzado. Cama\u00e7ari \u00e9, inclusive, a segunda cidade do Brasil com mais mortes violentas intencionais. \u00a0<\/p>\n<p>Segundo o Atlas da Viol\u00eancia, al\u00e9m do Primeiro Comando da Capital (PCC) e do Comando Vermelho (CV), a Bahia conta com, pelo menos, mais oito grupos criminosos fundados no pr\u00f3prio estado, que provocaram conflitos letais derivados de rupturas e alian\u00e7as, como entre o Bonde do Maluco (BDM) e o PCC.\u00a0<\/p>\n<p>Para o soci\u00f3logo Luiz Louren\u00e7o, pesquisador da \u00e1rea de Seguran\u00e7a P\u00fablica pela Universidade Federal da Bahia (UFBA), o crescimento econ\u00f4mico experimentado pelas cidades baianas, em especial as do oeste do estado, como Jequi\u00e9, tamb\u00e9m atraiu o interesse de fac\u00e7\u00f5es criminosas.\u00a0<\/p>\n<p>&#8220;S\u00e3o cidades que t\u00eam experimentado um dinamismo econ\u00f4mico e crescido bastante nos \u00faltimos anos. Isso ajuda a entender um pouco como elas tamb\u00e9m se tornam atrativas para mercados criminosos. Onde h\u00e1 dinheiro pode haver tr\u00e1fico de drogas, recepta\u00e7\u00e3o de mercadorias. Isso a ajuda a entender porque elas acabam aparecendo como vetores de viol\u00eancia.&#8221;<\/p>\n<h2>Seguran\u00e7a p\u00fablica<\/h2>\n<p>A segunda raz\u00e3o por tr\u00e1s de tanta viol\u00eancia, de acordo com os pesquisadores, \u00e9 a falta de efetividade de pol\u00edticas de seguran\u00e7a p\u00fablica, que privilegiam o confronto direto em detrimento do trabalho de intelig\u00eancia policial. O estado da Bahia tem a segunda pol\u00edcia mais letal do pa\u00eds. Em 2023, as interven\u00e7\u00f5es das for\u00e7as de seguran\u00e7a foram respons\u00e1veis por 1.699 mortes, o que resultou em uma taxa de 12 \u00f3bitos para cada 100 mil habitantes.\u00a0<\/p>\n<p>&#8220;A maneira com que a secretaria de seguran\u00e7a p\u00fablica, nos \u00faltimos 16 anos, tem lidado com essa situa\u00e7\u00e3o tamb\u00e9m n\u00e3o contribuiu para que a gente tivesse uma diminui\u00e7\u00e3o da viol\u00eancia. Estrat\u00e9gias fortemente militarizadas, com grupos t\u00e1ticos, n\u00e3o contribu\u00edram para o desarmamento das fac\u00e7\u00f5es, e para que se tornassem menos violentas. Ao contr\u00e1rio, fez com que elas acirrassem uma corrida armamentista, competindo com as for\u00e7as de seguran\u00e7a p\u00fablica. Criou-se esse c\u00edrculo vicioso&#8221;, avalia Louren\u00e7o.\u00a0<\/p>\n<h2>Solu\u00e7\u00f5es<\/h2>\n<p>Segundo Louren\u00e7o, a melhor estrat\u00e9gia para enfraquecer o poder das fac\u00e7\u00f5es \u00e9 o investimento do poder p\u00fablico em a\u00e7\u00f5es que diminuam o poder de influ\u00eancia delas sobre os mais vulner\u00e1veis, principalmente os jovens que vivem nas periferias. &#8220;O jovem vulner\u00e1vel, sem op\u00e7\u00e3o de lazer, esporte, educa\u00e7\u00e3o, emprego e renda, \u00e9 um alvo f\u00e1cil para ser cooptado pelo mundo do crime, pelas fac\u00e7\u00f5es&#8221;, diz.\u00a0<\/p>\n<p>J\u00e1 Pereira acredita que o policiamento ostensivo \u00e9 importante, mas que deve ser acompanhado de um trabalho de intelig\u00eancia das for\u00e7as de seguran\u00e7a para alcan\u00e7ar os resultados desejados. &#8220;\u00c9 necess\u00e1rio n\u00f3s adotarmos uma abordagem mais ampla e integrada, que envolva n\u00e3o apenas uma pol\u00edtica de policiamento ostensivo, ou seja, o foco naquilo que aparece para a popula\u00e7\u00e3o, deixando de lado, muitas vezes, as medidas de investiga\u00e7\u00e3o, aquilo que pode trazer a solu\u00e7\u00e3o de um crime e dar elementos consistentes para que os criminosos sejam levados \u00e0 pris\u00e3o e l\u00e1 permane\u00e7am por meio de uma a\u00e7\u00e3o judicial que proporcione resultados efetivos na condena\u00e7\u00e3o deles&#8221;, avalia.\u00a0<br \/>\n\u00a0<\/p>\n<p>\t\t\t\t\t\t\t\t\t<img loading=\"lazy\" decoding=\"async\" src=\"https:\/\/brasil61.com\/api\/v1\/serve_pixel\/17677\/73547\" alt=\"Pixel Brasil 61\" class=\"b61_pixel\" width=\"0\" height=\"0\"><\/p>\n<input type=\"hidden\" id=\"baseurl\" value=\"https:\/\/noticiasdestaque.com.br\"><input type=\"hidden\" id=\"audio_nonce\" value=\"6a24ca502e\">","protected":false},"excerpt":{"rendered":"<p>Munic\u00edpios do Nordeste e do Norte do pa\u00eds dominam ranking daqueles que mais registraram mortes violentas intencionais no ano passado, de acordo com o Anu\u00e1rio Brasileiro de Seguran\u00e7a P\u00fablica <\/p>\n","protected":false},"author":1,"featured_media":14769,"comment_status":"open","ping_status":"open","sticky":false,"template":"","format":"standard","meta":{"fifu_image_url":"","fifu_image_alt":"","footnotes":""},"categories":[48],"tags":[],"class_list":["post-14768","post","type-post","status-publish","format-standard","has-post-thumbnail","hentry","category-mundo"],"distributor_meta":false,"distributor_terms":false,"distributor_media":false,"distributor_original_site_name":"Noticias em Destaque","distributor_original_site_url":"https:\/\/noticiasdestaque.com.br","push-errors":false,"_links":{"self":[{"href":"https:\/\/noticiasdestaque.com.br\/index.php\/wp-json\/wp\/v2\/posts\/14768","targetHints":{"allow":["GET"]}}],"collection":[{"href":"https:\/\/noticiasdestaque.com.br\/index.php\/wp-json\/wp\/v2\/posts"}],"about":[{"href":"https:\/\/noticiasdestaque.com.br\/index.php\/wp-json\/wp\/v2\/types\/post"}],"author":[{"embeddable":true,"href":"https:\/\/noticiasdestaque.com.br\/index.php\/wp-json\/wp\/v2\/users\/1"}],"replies":[{"embeddable":true,"href":"https:\/\/noticiasdestaque.com.br\/index.php\/wp-json\/wp\/v2\/comments?post=14768"}],"version-history":[{"count":0,"href":"https:\/\/noticiasdestaque.com.br\/index.php\/wp-json\/wp\/v2\/posts\/14768\/revisions"}],"wp:featuredmedia":[{"embeddable":true,"href":"https:\/\/noticiasdestaque.com.br\/index.php\/wp-json\/wp\/v2\/media\/14769"}],"wp:attachment":[{"href":"https:\/\/noticiasdestaque.com.br\/index.php\/wp-json\/wp\/v2\/media?parent=14768"}],"wp:term":[{"taxonomy":"category","embeddable":true,"href":"https:\/\/noticiasdestaque.com.br\/index.php\/wp-json\/wp\/v2\/categories?post=14768"},{"taxonomy":"post_tag","embeddable":true,"href":"https:\/\/noticiasdestaque.com.br\/index.php\/wp-json\/wp\/v2\/tags?post=14768"}],"curies":[{"name":"wp","href":"https:\/\/api.w.org\/{rel}","templated":true}]}}