{"id":14699,"date":"2024-07-22T18:00:00","date_gmt":"2024-07-22T21:00:00","guid":{"rendered":"https:\/\/noticiasdestaque.com.br\/index.php\/2024\/07\/22\/previsao-do-tempo-terca-feira-23-com-alerta-para-baixa-umidade-em-sao-paulo\/"},"modified":"2024-07-22T18:00:00","modified_gmt":"2024-07-22T21:00:00","slug":"previsao-do-tempo-terca-feira-23-com-alerta-para-baixa-umidade-em-sao-paulo","status":"publish","type":"post","link":"https:\/\/noticiasdestaque.com.br\/index.php\/2024\/07\/22\/previsao-do-tempo-terca-feira-23-com-alerta-para-baixa-umidade-em-sao-paulo\/","title":{"rendered":"PREVIS\u00c3O DO TEMPO: ter\u00e7a-feira (23) com alerta para baixa umidade em S\u00e3o Paulo"},"content":{"rendered":"<p>\t\t\t\t\t\t\t\t\t\t<audio controls class=\"b61_audio_player\" data-noticia=\"73478\" src=\"https:\/\/brasil61.com\/rails\/active_storage\/blobs\/eyJfcmFpbHMiOnsibWVzc2FnZSI6IkJBaHBBNVRrQWc9PSIsImV4cCI6bnVsbCwicHVyIjoiYmxvYl9pZCJ9fQ==--75ca06c9d076d8b5429d8d324ef822bde1047b4f\/PTSD243674A\"><\/audio><\/p>\n<p>Nesta ter\u00e7a-feira (23), o Instituto Nacional de Meteorologia (Inmet) alerta para perigo potencial de baixa umidade no Presidente Prudente, S\u00e3o Jos\u00e9 do Rio Preto, Campinas, Bauru, Piracicaba, Itapetininga, Ribeir\u00e3o Preto, Ara\u00e7atuba, Macro Metropolitana, Mar\u00edlia, Araraquara, Assis, Metropolitana de S\u00e3o Paulo e Vale do Para\u00edba.<\/p>\n<p>O dia come\u00e7a com nevoeiro no Vale do Para\u00edba, Litoral Sul, Metropolitana de S\u00e3o Paulo, Macro Metropolitana, Itapetininga, Campinas e Piracicaba. Nas demais regi\u00f5es do estado, poucas nuvens. Durante a tarde e \u00e0 noite, poucas nuvens em todo o estado.<\/p>\n<p>A temperatura m\u00ednima fica em torno de 8\u00b0C, em S\u00e3o Jos\u00e9 do Barreiro, e a m\u00e1xima prevista \u00e9 de 33\u00baC, em Santo Ant\u00f4nio do Aracangu\u00e1. A umidade relativa do ar varia entre 20% e 100%.<\/p>\n<p>As informa\u00e7\u00f5es s\u00e3o do Instituto Nacional de Meteorologia.<br \/>\n\u00a0<\/p>\n<p>\t\t\t\t\t\t\t\t\t<img loading=\"lazy\" decoding=\"async\" src=\"https:\/\/brasil61.com\/api\/v1\/serve_pixel\/17677\/73478\" alt=\"Pixel Brasil 61\" class=\"b61_pixel\" width=\"0\" height=\"0\"><\/p>\n<input type=\"hidden\" id=\"baseurl\" value=\"https:\/\/noticiasdestaque.com.br\"><input type=\"hidden\" id=\"audio_nonce\" value=\"6a24ca502e\">","protected":false},"excerpt":{"rendered":"<p>A temperatura pode variar entre 8\u00baC e 33\u00baC<\/p>\n","protected":false},"author":1,"featured_media":14700,"comment_status":"open","ping_status":"open","sticky":false,"template":"","format":"standard","meta":{"fifu_image_url":"","fifu_image_alt":"","footnotes":""},"categories":[58],"tags":[],"class_list":["post-14699","post","type-post","status-publish","format-standard","has-post-thumbnail","hentry","category-cotidiano"],"distributor_meta":false,"distributor_terms":false,"distributor_media":false,"distributor_original_site_name":"Noticias em Destaque","distributor_original_site_url":"https:\/\/noticiasdestaque.com.br","push-errors":false,"_links":{"self":[{"href":"https:\/\/noticiasdestaque.com.br\/index.php\/wp-json\/wp\/v2\/posts\/14699","targetHints":{"allow":["GET"]}}],"collection":[{"href":"https:\/\/noticiasdestaque.com.br\/index.php\/wp-json\/wp\/v2\/posts"}],"about":[{"href":"https:\/\/noticiasdestaque.com.br\/index.php\/wp-json\/wp\/v2\/types\/post"}],"author":[{"embeddable":true,"href":"https:\/\/noticiasdestaque.com.br\/index.php\/wp-json\/wp\/v2\/users\/1"}],"replies":[{"embeddable":true,"href":"https:\/\/noticiasdestaque.com.br\/index.php\/wp-json\/wp\/v2\/comments?post=14699"}],"version-history":[{"count":0,"href":"https:\/\/noticiasdestaque.com.br\/index.php\/wp-json\/wp\/v2\/posts\/14699\/revisions"}],"wp:featuredmedia":[{"embeddable":true,"href":"https:\/\/noticiasdestaque.com.br\/index.php\/wp-json\/wp\/v2\/media\/14700"}],"wp:attachment":[{"href":"https:\/\/noticiasdestaque.com.br\/index.php\/wp-json\/wp\/v2\/media?parent=14699"}],"wp:term":[{"taxonomy":"category","embeddable":true,"href":"https:\/\/noticiasdestaque.com.br\/index.php\/wp-json\/wp\/v2\/categories?post=14699"},{"taxonomy":"post_tag","embeddable":true,"href":"https:\/\/noticiasdestaque.com.br\/index.php\/wp-json\/wp\/v2\/tags?post=14699"}],"curies":[{"name":"wp","href":"https:\/\/api.w.org\/{rel}","templated":true}]}}