{"id":14655,"date":"2024-07-22T00:04:00","date_gmt":"2024-07-22T03:04:00","guid":{"rendered":"https:\/\/noticiasdestaque.com.br\/index.php\/2024\/07\/22\/36-das-familias-gastam-mais-da-metade-do-orcamento-mensal-com-energia-eletrica-e-gas-de-cozinha\/"},"modified":"2024-07-22T00:04:00","modified_gmt":"2024-07-22T03:04:00","slug":"36-das-familias-gastam-mais-da-metade-do-orcamento-mensal-com-energia-eletrica-e-gas-de-cozinha","status":"publish","type":"post","link":"https:\/\/noticiasdestaque.com.br\/index.php\/2024\/07\/22\/36-das-familias-gastam-mais-da-metade-do-orcamento-mensal-com-energia-eletrica-e-gas-de-cozinha\/","title":{"rendered":"36% das fam\u00edlias gastam mais da metade do or\u00e7amento mensal com energia el\u00e9trica e g\u00e1s de cozinha"},"content":{"rendered":"<p>\t\t\t\t\t\t\t\t\t\t<audio controls class=\"b61_audio_player\" data-noticia=\"73433\" src=\"https:\/\/brasil61.com\/rails\/active_storage\/blobs\/eyJfcmFpbHMiOnsibWVzc2FnZSI6IkJBaHBBKzdqQWc9PSIsImV4cCI6bnVsbCwicHVyIjoiYmxvYl9pZCJ9fQ==--b9fe58e39565e8d812301c38478dce0c4dfea7c0\/BRAS2412171A\"><\/audio><\/p>\n<p>36% das fam\u00edlias brasileiras gastam mais da metade do or\u00e7amento mensal com energia el\u00e9trica e g\u00e1s de cozinha, segundo uma pesquisa do Instituto P\u00f3lis. Nas regi\u00f5es Norte e Nordeste, esses gastos superam as despesas com comida, comprometendo a seguran\u00e7a alimentar das fam\u00edlias.\u00a0<\/p>\n<p>Os dados do levantamento Justi\u00e7a Energ\u00e9tica, produzidos pelo Ipec &#8211; Intelig\u00eancia em Pesquisa e Consultoria, foram apresentados na \u00faltima quinta-feira (11) durante o semin\u00e1rio da Comiss\u00e3o de Legisla\u00e7\u00e3o Participativa da C\u00e2mara dos Deputados.<\/p>\n<p>De acordo com a apresenta\u00e7\u00e3o feita pela representante do Instituto P\u00f3lis Maria Gabriela Feitosa durante o semin\u00e1rio, a energia el\u00e9trica e o g\u00e1s de cozinha s\u00e3o os itens que mais impactam o or\u00e7amento dom\u00e9stico em compara\u00e7\u00e3o com os outros itens b\u00e1sicos para a sobreviv\u00eancia.<\/p>\n<p>Silvana Fagundes, moradora de Duque de Caxias &#8211; RJ, conta que na casa residem 4 pessoas e gasta em torno de R$ 700,00 por m\u00eas com conta de \u00e1gua e luz. Ela comenta que muitas vezes o valor das contas compromete a seguran\u00e7a alimentar da fam\u00edlia.\u00a0<\/p>\n<p>\u201cPorque muitas das vezes, deixamos de comprar, se alimentar melhor, por causa do pre\u00e7o do g\u00e1s. O g\u00e1s est\u00e1 pre\u00e7o muito elevado, para o sal\u00e1rio que a gente ganha. Deixamos de fazer compras para poder pagar g\u00e1s e luz\u201d, relata.<\/p>\n<p><strong>Veja mais:<\/strong><\/p>\n<p><a href=\"https:\/\/brasil61.com\/n\/conta-de-luz-consumidores-devem-pagar-r-37-bi-em-subsidios-em-2024-bras2411188\">Conta de luz: consumidores devem pagar R$ 37 bi em subs\u00eddios em 2024<\/a><\/p>\n<h2>Consumo de energia el\u00e9trica<\/h2>\n<p>De acordo com a C\u00e2mara de Comercializa\u00e7\u00e3o de Energia El\u00e9trica (CCEE), o Brasil encerrou maio com um consumo de 70.207 megawatts m\u00e9dios, um aumento de 8% em rela\u00e7\u00e3o ao mesmo m\u00eas do ano anterior.\u00a0<\/p>\n<p>No mercado regulado, o consumo aumentou 12,3% devido ao clima quente. No ambiente livre, onde os consumidores negociam diretamente seus contratos, o aumento foi de 1,8% em rela\u00e7\u00e3o a maio de 2023.<\/p>\n<p>Segundo o CCEE, todos os estados apresentaram aumento no consumo de eletricidade em maio, exceto Rond\u00f4nia e Rio Grande do Sul, que tiveram uma queda de 2,6%. O destaque para o crescimento do consumo \u00e9 em Mato Grosso do Sul (13,3%), Paran\u00e1 (10,7%), S\u00e3o Paulo (10,3%) e Amazonas (8,9%).\u00a0<br \/>\n\u00a0<\/p>\n<p>\t\t\t\t\t\t\t\t\t<img loading=\"lazy\" decoding=\"async\" src=\"https:\/\/brasil61.com\/api\/v1\/serve_pixel\/17677\/73433\" alt=\"Pixel Brasil 61\" class=\"b61_pixel\" width=\"0\" height=\"0\"><\/p>\n<input type=\"hidden\" id=\"baseurl\" value=\"https:\/\/noticiasdestaque.com.br\"><input type=\"hidden\" id=\"audio_nonce\" value=\"6a24ca502e\">","protected":false},"excerpt":{"rendered":"<p>Nas regi\u00f5es Norte e Nordeste, os gastos com as contas de luz e g\u00e1s de cozinha superam as despesas com comida, comprometendo a seguran\u00e7a alimentar das fam\u00edlias. <\/p>\n","protected":false},"author":1,"featured_media":14656,"comment_status":"open","ping_status":"open","sticky":false,"template":"","format":"standard","meta":{"fifu_image_url":"","fifu_image_alt":"","footnotes":""},"categories":[59],"tags":[],"class_list":["post-14655","post","type-post","status-publish","format-standard","has-post-thumbnail","hentry","category-economia"],"distributor_meta":false,"distributor_terms":false,"distributor_media":false,"distributor_original_site_name":"Noticias em Destaque","distributor_original_site_url":"https:\/\/noticiasdestaque.com.br","push-errors":false,"_links":{"self":[{"href":"https:\/\/noticiasdestaque.com.br\/index.php\/wp-json\/wp\/v2\/posts\/14655","targetHints":{"allow":["GET"]}}],"collection":[{"href":"https:\/\/noticiasdestaque.com.br\/index.php\/wp-json\/wp\/v2\/posts"}],"about":[{"href":"https:\/\/noticiasdestaque.com.br\/index.php\/wp-json\/wp\/v2\/types\/post"}],"author":[{"embeddable":true,"href":"https:\/\/noticiasdestaque.com.br\/index.php\/wp-json\/wp\/v2\/users\/1"}],"replies":[{"embeddable":true,"href":"https:\/\/noticiasdestaque.com.br\/index.php\/wp-json\/wp\/v2\/comments?post=14655"}],"version-history":[{"count":0,"href":"https:\/\/noticiasdestaque.com.br\/index.php\/wp-json\/wp\/v2\/posts\/14655\/revisions"}],"wp:featuredmedia":[{"embeddable":true,"href":"https:\/\/noticiasdestaque.com.br\/index.php\/wp-json\/wp\/v2\/media\/14656"}],"wp:attachment":[{"href":"https:\/\/noticiasdestaque.com.br\/index.php\/wp-json\/wp\/v2\/media?parent=14655"}],"wp:term":[{"taxonomy":"category","embeddable":true,"href":"https:\/\/noticiasdestaque.com.br\/index.php\/wp-json\/wp\/v2\/categories?post=14655"},{"taxonomy":"post_tag","embeddable":true,"href":"https:\/\/noticiasdestaque.com.br\/index.php\/wp-json\/wp\/v2\/tags?post=14655"}],"curies":[{"name":"wp","href":"https:\/\/api.w.org\/{rel}","templated":true}]}}