{"id":14647,"date":"2024-07-20T00:04:00","date_gmt":"2024-07-20T03:04:00","guid":{"rendered":"https:\/\/noticiasdestaque.com.br\/index.php\/2024\/07\/20\/inss-greve-dos-servidores-leva-segurados-a-usarem-servicos-digitais\/"},"modified":"2024-07-20T00:04:00","modified_gmt":"2024-07-20T03:04:00","slug":"inss-greve-dos-servidores-leva-segurados-a-usarem-servicos-digitais","status":"publish","type":"post","link":"https:\/\/noticiasdestaque.com.br\/index.php\/2024\/07\/20\/inss-greve-dos-servidores-leva-segurados-a-usarem-servicos-digitais\/","title":{"rendered":"INSS: greve dos servidores leva segurados a usarem servi\u00e7os digitais"},"content":{"rendered":"<p>\t\t\t\t\t\t\t\t\t\t<audio controls class=\"b61_audio_player\" data-noticia=\"73402\" src=\"https:\/\/brasil61.com\/rails\/active_storage\/blobs\/eyJfcmFpbHMiOnsibWVzc2FnZSI6IkJBaHBBNFRqQWc9PSIsImV4cCI6bnVsbCwicHVyIjoiYmxvYl9pZCJ9fQ==--878cdc2fef2460177a0153d00245b5788bbcc8e6\/BRAS2412160A\"><\/audio><\/p>\n<p>Com a greve dos servidores do Instituto Nacional do Seguro Social (INSS), a orienta\u00e7\u00e3o do \u00f3rg\u00e3o \u00e9 que as pessoas acessem os servi\u00e7os por meio da plataforma digital. Quem necessitar de atendimento pericial para obten\u00e7\u00e3o de aux\u00edlio-doen\u00e7a deve acessar o Atesmed \u2013 servi\u00e7o de avalia\u00e7\u00e3o remota de documentos \u2013 que dispensa a realiza\u00e7\u00e3o de per\u00edcia presencial.\u00a0<\/p>\n<p>J\u00e1 nos casos de per\u00edcia m\u00e9dica para benef\u00edcio por incapacidade tempor\u00e1ria, o segurado deve pedir a convers\u00e3o de agendamento em per\u00edcia para o Astemed.<\/p>\n<p>Conforme o instituto, mais de 100 servi\u00e7os podem ser agendados por meio do site Meu INSS; que tamb\u00e9m tem a vers\u00e3o para celular (app) ou pela central de atendimento telef\u00f4nico 135, que funciona de segunda-feira a s\u00e1bado, das 7h \u00e0s 22h.<\/p>\n<h2>Greve<\/h2>\n<p>Na ter\u00e7a-feira (16) os servidores do INSS entraram em greve por tempo indeterminado. Entre as reivindica\u00e7\u00f5es est\u00e3o a reestrutura\u00e7\u00e3o e o reconhecimento da carreira do Seguro Social como t\u00edpica de Estado; o cumprimento do acordo de greve de 2022; o n\u00edvel superior para ingresso de T\u00e9cnico do Seguro Social; incorpora\u00e7\u00e3o de gratifica\u00e7\u00f5es; jornada de trabalho de 30 horas para todos e cumprimento das jornadas de trabalho previstas em lei, al\u00e9m da recomposi\u00e7\u00e3o de perdas salariais dos \u00faltimos anos.<br \/>\n\u00a0<\/p>\n<p>\t\t\t\t\t\t\t\t\t<img loading=\"lazy\" decoding=\"async\" src=\"https:\/\/brasil61.com\/api\/v1\/serve_pixel\/17677\/73402\" alt=\"Pixel Brasil 61\" class=\"b61_pixel\" width=\"0\" height=\"0\"><\/p>\n<input type=\"hidden\" id=\"baseurl\" value=\"https:\/\/noticiasdestaque.com.br\"><input type=\"hidden\" id=\"audio_nonce\" value=\"6a24ca502e\">","protected":false},"excerpt":{"rendered":"<p>Mais de 100 agendamentos est\u00e3o dispon\u00edveis no site Meu INSS<\/p>\n","protected":false},"author":1,"featured_media":14648,"comment_status":"open","ping_status":"open","sticky":false,"template":"","format":"standard","meta":{"fifu_image_url":"","fifu_image_alt":"","footnotes":""},"categories":[59],"tags":[],"class_list":["post-14647","post","type-post","status-publish","format-standard","has-post-thumbnail","hentry","category-economia"],"distributor_meta":false,"distributor_terms":false,"distributor_media":false,"distributor_original_site_name":"Noticias em Destaque","distributor_original_site_url":"https:\/\/noticiasdestaque.com.br","push-errors":false,"_links":{"self":[{"href":"https:\/\/noticiasdestaque.com.br\/index.php\/wp-json\/wp\/v2\/posts\/14647","targetHints":{"allow":["GET"]}}],"collection":[{"href":"https:\/\/noticiasdestaque.com.br\/index.php\/wp-json\/wp\/v2\/posts"}],"about":[{"href":"https:\/\/noticiasdestaque.com.br\/index.php\/wp-json\/wp\/v2\/types\/post"}],"author":[{"embeddable":true,"href":"https:\/\/noticiasdestaque.com.br\/index.php\/wp-json\/wp\/v2\/users\/1"}],"replies":[{"embeddable":true,"href":"https:\/\/noticiasdestaque.com.br\/index.php\/wp-json\/wp\/v2\/comments?post=14647"}],"version-history":[{"count":0,"href":"https:\/\/noticiasdestaque.com.br\/index.php\/wp-json\/wp\/v2\/posts\/14647\/revisions"}],"wp:featuredmedia":[{"embeddable":true,"href":"https:\/\/noticiasdestaque.com.br\/index.php\/wp-json\/wp\/v2\/media\/14648"}],"wp:attachment":[{"href":"https:\/\/noticiasdestaque.com.br\/index.php\/wp-json\/wp\/v2\/media?parent=14647"}],"wp:term":[{"taxonomy":"category","embeddable":true,"href":"https:\/\/noticiasdestaque.com.br\/index.php\/wp-json\/wp\/v2\/categories?post=14647"},{"taxonomy":"post_tag","embeddable":true,"href":"https:\/\/noticiasdestaque.com.br\/index.php\/wp-json\/wp\/v2\/tags?post=14647"}],"curies":[{"name":"wp","href":"https:\/\/api.w.org\/{rel}","templated":true}]}}