{"id":14635,"date":"2024-07-21T18:00:00","date_gmt":"2024-07-21T21:00:00","guid":{"rendered":"https:\/\/noticiasdestaque.com.br\/index.php\/2024\/07\/21\/previsao-do-tempo-segunda-feira-22-com-alerta-de-baixa-umidade-em-mg-e-sp\/"},"modified":"2024-07-21T18:00:00","modified_gmt":"2024-07-21T21:00:00","slug":"previsao-do-tempo-segunda-feira-22-com-alerta-de-baixa-umidade-em-mg-e-sp","status":"publish","type":"post","link":"https:\/\/noticiasdestaque.com.br\/index.php\/2024\/07\/21\/previsao-do-tempo-segunda-feira-22-com-alerta-de-baixa-umidade-em-mg-e-sp\/","title":{"rendered":"PREVIS\u00c3O DO TEMPO: segunda-feira (22) com alerta de baixa umidade em MG e SP"},"content":{"rendered":"<p>\t\t\t\t\t\t\t\t\t\t<audio controls class=\"b61_audio_player\" data-noticia=\"73430\" src=\"https:\/\/brasil61.com\/rails\/active_storage\/blobs\/eyJfcmFpbHMiOnsibWVzc2FnZSI6IkJBaHBBK3ZqQWc9PSIsImV4cCI6bnVsbCwicHVyIjoiYmxvYl9pZCJ9fQ==--84b7be9e84ac99b585a7a9792f6b63fbbe1dd9ee\/PTSD243673A\"><\/audio><\/p>\n<p>O Instituto Nacional de Meteorologia (Inmet) alerta para perigo potencial de baixa umidade em Minas Gerais e em S\u00e3o Paulo, atingindo cidades como Campo Belo (MG) e Amparo (SP).<\/p>\n<p>A segunda-feira (22) come\u00e7a com tempo encoberto no Esp\u00edrito Santo, Rio de Janeiro, Jequitinhonha, Vale do Mucuri, Metropolitana de Belo Horizonte, Vale do Rio Doce, Campo das Vertentes, Zona da Mata e microrregi\u00f5es de Jana\u00faba, Salinas, Gr\u00e3o Mogol, Montes Claros e Bocai\u00fava. Nevoeiro tamb\u00e9m \u00e9 esperado nessas localidades de Minas Gerais. O mesmo acontece com as microrregi\u00f5es de Barra de S\u00e3o Francisco, Colatina, Afonso Cl\u00e1udio e Alegre no Esp\u00edrito Santo; Noroeste, tr\u00eas Rios, Cantagalo-Cordeiro, Barra do Pira\u00ed, Ba\u00eda da Ilha Grande no Rio de Janeiro; Vale do Para\u00edba, Litoral Sul e Metropolitana de S\u00e3o Paulo.<\/p>\n<p>Durante a tarde e \u00e0 noite, poucas nuvens em todos os estados do Sudeste.\u00a0<\/p>\n<h2>Temperatura m\u00ednima e m\u00e1xima na regi\u00e3o<\/h2>\n<p>A temperatura m\u00ednima fica em torno de 12\u00b0C, em Resende, no Rio de Janeiro, e a m\u00e1xima prevista \u00e9 de 32\u00baC, em Marab\u00e1 Paulista, em S\u00e3o Paulo. A umidade relativa do ar varia entre 20% e 95%.<\/p>\n<p>As informa\u00e7\u00f5es s\u00e3o do Instituto Nacional de Meteorologia.<\/p>\n<p>\u00a0<\/p>\n<p>\t\t\t\t\t\t\t\t\t<img loading=\"lazy\" decoding=\"async\" src=\"https:\/\/brasil61.com\/api\/v1\/serve_pixel\/17677\/73430\" alt=\"Pixel Brasil 61\" class=\"b61_pixel\" width=\"0\" height=\"0\"><\/p>\n<input type=\"hidden\" id=\"baseurl\" value=\"https:\/\/noticiasdestaque.com.br\"><input type=\"hidden\" id=\"audio_nonce\" value=\"6a24ca502e\">","protected":false},"excerpt":{"rendered":"<p>A temperatura pode variar entre 12\u00baC e 32\u00baC<\/p>\n","protected":false},"author":1,"featured_media":14636,"comment_status":"open","ping_status":"open","sticky":false,"template":"","format":"standard","meta":{"fifu_image_url":"","fifu_image_alt":"","footnotes":""},"categories":[58],"tags":[],"class_list":["post-14635","post","type-post","status-publish","format-standard","has-post-thumbnail","hentry","category-cotidiano"],"distributor_meta":false,"distributor_terms":false,"distributor_media":false,"distributor_original_site_name":"Noticias em Destaque","distributor_original_site_url":"https:\/\/noticiasdestaque.com.br","push-errors":false,"_links":{"self":[{"href":"https:\/\/noticiasdestaque.com.br\/index.php\/wp-json\/wp\/v2\/posts\/14635","targetHints":{"allow":["GET"]}}],"collection":[{"href":"https:\/\/noticiasdestaque.com.br\/index.php\/wp-json\/wp\/v2\/posts"}],"about":[{"href":"https:\/\/noticiasdestaque.com.br\/index.php\/wp-json\/wp\/v2\/types\/post"}],"author":[{"embeddable":true,"href":"https:\/\/noticiasdestaque.com.br\/index.php\/wp-json\/wp\/v2\/users\/1"}],"replies":[{"embeddable":true,"href":"https:\/\/noticiasdestaque.com.br\/index.php\/wp-json\/wp\/v2\/comments?post=14635"}],"version-history":[{"count":0,"href":"https:\/\/noticiasdestaque.com.br\/index.php\/wp-json\/wp\/v2\/posts\/14635\/revisions"}],"wp:featuredmedia":[{"embeddable":true,"href":"https:\/\/noticiasdestaque.com.br\/index.php\/wp-json\/wp\/v2\/media\/14636"}],"wp:attachment":[{"href":"https:\/\/noticiasdestaque.com.br\/index.php\/wp-json\/wp\/v2\/media?parent=14635"}],"wp:term":[{"taxonomy":"category","embeddable":true,"href":"https:\/\/noticiasdestaque.com.br\/index.php\/wp-json\/wp\/v2\/categories?post=14635"},{"taxonomy":"post_tag","embeddable":true,"href":"https:\/\/noticiasdestaque.com.br\/index.php\/wp-json\/wp\/v2\/tags?post=14635"}],"curies":[{"name":"wp","href":"https:\/\/api.w.org\/{rel}","templated":true}]}}