{"id":14629,"date":"2024-07-20T18:00:00","date_gmt":"2024-07-20T21:00:00","guid":{"rendered":"https:\/\/noticiasdestaque.com.br\/index.php\/2024\/07\/20\/previsao-do-tempo-domingo-21-com-possibilidade-de-geada-em-minas-gerais-e-em-sao-paulo\/"},"modified":"2024-07-20T18:00:00","modified_gmt":"2024-07-20T21:00:00","slug":"previsao-do-tempo-domingo-21-com-possibilidade-de-geada-em-minas-gerais-e-em-sao-paulo","status":"publish","type":"post","link":"https:\/\/noticiasdestaque.com.br\/index.php\/2024\/07\/20\/previsao-do-tempo-domingo-21-com-possibilidade-de-geada-em-minas-gerais-e-em-sao-paulo\/","title":{"rendered":"PREVIS\u00c3O DO TEMPO: domingo (21) com possibilidade de geada em Minas Gerais e em S\u00e3o Paulo"},"content":{"rendered":"<p>\t\t\t\t\t\t\t\t\t\t<audio controls class=\"b61_audio_player\" data-noticia=\"73412\" src=\"https:\/\/brasil61.com\/rails\/active_storage\/blobs\/eyJfcmFpbHMiOnsibWVzc2FnZSI6IkJBaHBBOG5qQWc9PSIsImV4cCI6bnVsbCwicHVyIjoiYmxvYl9pZCJ9fQ==--6b6e7aa66dae549bacf8da40eed3eef507d55ba5\/PTSD243672A\"><\/audio><\/p>\n<p>Domingo (21) com possibilidade de geada em Minas Gerais e em S\u00e3o Paulo. Sem previs\u00e3o de chuva em todo o Sudeste.\u00a0<\/p>\n<p><strong>Confira agora a previs\u00e3o do tempo no seu estado.\u00a0<\/strong><\/p>\n<p><strong>Esp\u00edrito Santo<\/strong><\/p>\n<p>A previs\u00e3o para este domingo (21) \u00e9 de muitas nuvens em todo o Esp\u00edrito Santo, em cidades como Pinheiros, Colatina e Gua\u00e7u\u00ed.<\/p>\n<p><strong>Minas Gerais<\/strong><\/p>\n<p>Domingo (21) com muitas nuvens apenas no Vale do Rio Doce, Vale do Mucuri e microrregi\u00f5es de Ara\u00e7ua\u00ed, Pedra Azul, Almenara e Salinas. Poucas nuvens nas demais regi\u00f5es do estado. Possibilidade de geada nas microrregi\u00f5es de Pouso Alegre, Santa Rita do Sapuca\u00ed e Itajub\u00e1.\u00a0<\/p>\n<p><strong>Rio de Janeiro<\/strong><\/p>\n<p>A previs\u00e3o para este domingo (21) \u00e9 de muitas nuvens em quase todo o Rio de Janeiro, exceto nas cidades de Resende, Itatiaia, Quatis, Valen\u00e7a, Rio das Flores, Para\u00edba do Sul e Comendador Levy Gasparian.<\/p>\n<p><strong>S\u00e3o Paulo<\/strong><\/p>\n<p>Domingo (21) com tempo encoberto no Vale do Para\u00edba, Metropolitana de S\u00e3o Paulo, Litoral Sul e Macro Metropolitana. Possibilidade de geada nas cidades de S\u00e3o Bento do Sapuca\u00ed e Campos do Jord\u00e3o. Nas demais regi\u00f5es do estado, poucas nuvens.\u00a0<\/p>\n<p><strong>Temperatura m\u00ednima e m\u00e1xima na regi\u00e3o<\/strong><\/p>\n<p>A temperatura m\u00ednima fica em torno de 3\u00b0C, em Campos do Jord\u00e3o, em S\u00e3o Paulo, e a m\u00e1xima prevista \u00e9 de 32\u00baC, em Santa Vit\u00f3ria, em Minas Gerais. A umidade relativa do ar varia entre 30% e 100%.<\/p>\n<p>As informa\u00e7\u00f5es s\u00e3o do Instituto Nacional de Meteorologia.<\/p>\n<p>\u00a0<\/p>\n<p>\t\t\t\t\t\t\t\t\t<img loading=\"lazy\" decoding=\"async\" src=\"https:\/\/brasil61.com\/api\/v1\/serve_pixel\/17677\/73412\" alt=\"Pixel Brasil 61\" class=\"b61_pixel\" width=\"0\" height=\"0\"><\/p>\n<input type=\"hidden\" id=\"baseurl\" value=\"https:\/\/noticiasdestaque.com.br\"><input type=\"hidden\" id=\"audio_nonce\" value=\"6a24ca502e\">","protected":false},"excerpt":{"rendered":"<p>A temperatura pode variar entre 3\u00baC e 32\u00baC<\/p>\n","protected":false},"author":1,"featured_media":14630,"comment_status":"open","ping_status":"open","sticky":false,"template":"","format":"standard","meta":{"fifu_image_url":"","fifu_image_alt":"","footnotes":""},"categories":[58],"tags":[],"class_list":["post-14629","post","type-post","status-publish","format-standard","has-post-thumbnail","hentry","category-cotidiano"],"distributor_meta":false,"distributor_terms":false,"distributor_media":false,"distributor_original_site_name":"Noticias em Destaque","distributor_original_site_url":"https:\/\/noticiasdestaque.com.br","push-errors":false,"_links":{"self":[{"href":"https:\/\/noticiasdestaque.com.br\/index.php\/wp-json\/wp\/v2\/posts\/14629","targetHints":{"allow":["GET"]}}],"collection":[{"href":"https:\/\/noticiasdestaque.com.br\/index.php\/wp-json\/wp\/v2\/posts"}],"about":[{"href":"https:\/\/noticiasdestaque.com.br\/index.php\/wp-json\/wp\/v2\/types\/post"}],"author":[{"embeddable":true,"href":"https:\/\/noticiasdestaque.com.br\/index.php\/wp-json\/wp\/v2\/users\/1"}],"replies":[{"embeddable":true,"href":"https:\/\/noticiasdestaque.com.br\/index.php\/wp-json\/wp\/v2\/comments?post=14629"}],"version-history":[{"count":0,"href":"https:\/\/noticiasdestaque.com.br\/index.php\/wp-json\/wp\/v2\/posts\/14629\/revisions"}],"wp:featuredmedia":[{"embeddable":true,"href":"https:\/\/noticiasdestaque.com.br\/index.php\/wp-json\/wp\/v2\/media\/14630"}],"wp:attachment":[{"href":"https:\/\/noticiasdestaque.com.br\/index.php\/wp-json\/wp\/v2\/media?parent=14629"}],"wp:term":[{"taxonomy":"category","embeddable":true,"href":"https:\/\/noticiasdestaque.com.br\/index.php\/wp-json\/wp\/v2\/categories?post=14629"},{"taxonomy":"post_tag","embeddable":true,"href":"https:\/\/noticiasdestaque.com.br\/index.php\/wp-json\/wp\/v2\/tags?post=14629"}],"curies":[{"name":"wp","href":"https:\/\/api.w.org\/{rel}","templated":true}]}}