{"id":14621,"date":"2024-07-22T00:25:00","date_gmt":"2024-07-22T03:25:00","guid":{"rendered":"https:\/\/noticiasdestaque.com.br\/index.php\/2024\/07\/22\/eleicoes-municipais-2024-serao-no-dia-6-de-outubro-veja-como-se-preparar\/"},"modified":"2024-07-22T00:25:00","modified_gmt":"2024-07-22T03:25:00","slug":"eleicoes-municipais-2024-serao-no-dia-6-de-outubro-veja-como-se-preparar","status":"publish","type":"post","link":"https:\/\/noticiasdestaque.com.br\/index.php\/2024\/07\/22\/eleicoes-municipais-2024-serao-no-dia-6-de-outubro-veja-como-se-preparar\/","title":{"rendered":"Elei\u00e7\u00f5es municipais 2024 ser\u00e3o no dia 6 de outubro, veja como se preparar"},"content":{"rendered":"<p>\t\t\t\t\t\t\t\t\t\t<audio controls class=\"b61_audio_player\" data-noticia=\"73352\" src=\"https:\/\/brasil61.com\/rails\/active_storage\/blobs\/eyJfcmFpbHMiOnsibWVzc2FnZSI6IkJBaHBBOW5pQWc9PSIsImV4cCI6bnVsbCwicHVyIjoiYmxvYl9pZCJ9fQ==--b07fd3d7489747863fd83e10a28322a2d0485ee7\/BRAS2412151A\"><\/audio><\/p>\n<p>As elei\u00e7\u00f5es municipais de 2024 ocorrer\u00e3o no dia 6 de outubro, em todo o Brasil, exceto no Distrito Federal. Nesse dia, os eleitores ir\u00e3o \u00e0s urnas para escolher prefeitos e vereadores. O segundo turno, previsto em cidades com mais de 200 mil eleitores, est\u00e1 marcado para o dia 27 de outubro.<\/p>\n<p>Virg\u00ednia Machado, professora de Direito P\u00fablico da Faculdade Arnaldo Janssen, de Belo Horizonte, recomenda que os eleitores verifiquem a plataforma do TSE para saber mais sobre os candidatos e as propostas apresentadas diante da realidade dos munic\u00edpios.<\/p>\n<p>&#8220;Porque n\u00e3o adianta prometer sem qualquer embasamento, sem qualquer convic\u00e7\u00e3o de que aquilo pode ser realizado. A partir do momento que o eleitor come\u00e7a a observar esses candidatos, a plataforma de governo, as propostas que foram apresentadas, uma vez que ele \u00e9 eleito, eles v\u00e3o cobrar. \u00c9 ali que o eleitor vai exigir que isso seja retornado para o cidad\u00e3o em forma de pol\u00edtica p\u00fablica, em forma de execu\u00e7\u00e3o de servi\u00e7os p\u00fablicos, em forma de melhoria para essa sociedade&#8221;, destaca.<\/p>\n<p>Virg\u00ednia destaca que os vereadores s\u00e3o os legisladores municipais, ou seja, aqueles que que v\u00e3o elaborar as leis de interesse no munic\u00edpio e fiscalizar a atividade do executivo. Por isso, ela afirma que \u00e9 importante conferir o que o vereador defende, como meio ambiente, popula\u00e7\u00e3o vulner\u00e1vel ou pessoas com defici\u00eancia, al\u00e9m de conferir o passado do candidato, como experi\u00eancia em administra\u00e7\u00e3o p\u00fablica.<\/p>\n<p>J\u00e1 o prefeito \u00e9 o l\u00edder do poder Executivo da cidade e fica respons\u00e1vel por controlar os gastos p\u00fablicos, planejar e realizar obras de melhoria, al\u00e9m de cuidar de \u00e1reas como educa\u00e7\u00e3o e sa\u00fade.<\/p>\n<p>&#8220;N\u00e3o se restrinja apenas a p\u00e1gina de m\u00eddia social do candidato, seja Facebook, Instagram, Twitter [X]. Tamb\u00e9m fa\u00e7a uma pesquisa de quem \u00e9 essa pessoa, de onde ela veio, quais foram as atividades que ela desenvolveu\u00a0e at\u00e9 mesmo atividades de interesse p\u00fablico\u00a0que esse indiv\u00edduo tenha desenvolvido&#8221;, pontua.<\/p>\n<p>Os cargos t\u00eam mandatos de quatro anos, assim como nas elei\u00e7\u00f5es presidenciais.<\/p>\n<h2>Hor\u00e1rio e local da vota\u00e7\u00e3o<\/h2>\n<p>De acordo com o Tribunal Superior Eleitoral (TSE), a vota\u00e7\u00e3o come\u00e7ar\u00e1 \u00e0s 8h e se encerrar\u00e1 \u00e0s 17h, no hor\u00e1rio de Bras\u00edlia.. O site do \u00f3rg\u00e3o tamb\u00e9m destaca que alguns locais ter\u00e3o hor\u00e1rios diferentes devido ao fuso hor\u00e1rio, s\u00e3o eles:<\/p>\n<ul>\n<li>Acre: das 6h \u00e0s 15h<\/li>\n<li>Munic\u00edpios do Amazonas Amatur\u00e1, Atalaia do Norte, Benjamin Constant, Eirunep\u00e9, Envira, Guajar\u00e1, Ipixuna, Itamarati, Juta\u00ed, Tabatinga e S\u00e3o Paulo de Oliven\u00e7a: das 6h \u00e0s 15h\u00a0<\/li>\n<li>Demais munic\u00edpios do Amazonas: das 7h \u00e0s 16h<\/li>\n<li>Mato Grosso, Mato Grosso do Sul, Rond\u00f4nia e Roraima: das 7h \u00e0s 16h<\/li>\n<li>Fernando de Noronha (Pernambuco): das 9h \u00e0s 18h<\/li>\n<\/ul>\n<p>Para consultar o local de vota\u00e7\u00e3o \u00e9 necess\u00e1rio acessar o <a href=\"https:\/\/www.tse.jus.br\/servicos-eleitorais\/titulo-e-local-de-votacao\/titulo-e-local-de-votacao\">site do TSE<\/a>\u00a0e informar o nome completo da eleitora ou do eleitor ou o n\u00famero de CPF ou n\u00famero do t\u00edtulo eleitoral, a data de nascimento e o nome da m\u00e3e.<\/p>\n<p><a href=\"https:\/\/brasil61.com\/n\/eleicoes-municipais-de-2024-tse-atualiza-sistema-divulgacandcontas-bras2412113\">Elei\u00e7\u00f5es Municipais de 2024: TSE atualiza sistema DivulgaCandContas<\/a><\/p>\n<h2>Quem est\u00e1 apto a votar<\/h2>\n<p>Os eleitores a partir de 16 anos podem votar, sendo o voto obrigat\u00f3rio para cidad\u00e3os alfabetizados entre 18 e 70 anos. Para jovens de 16 e 17 anos, analfabetos e idosos acima de 70, a participa\u00e7\u00e3o \u00e9 facultativa. Presos provis\u00f3rios e jovens em medidas socioeducativas tamb\u00e9m t\u00eam direito ao voto.<\/p>\n<p>Para votar, \u00e9 necess\u00e1rio ter o t\u00edtulo eleitoral, que pode ser obtido a partir dos 15 anos. O t\u00edtulo deve estar regularizado e pode ser consultado online, no site do TSE. Vale lembrar que, se o eleitor faltar a tr\u00eas turnos consecutivos sem justificativa, o t\u00edtulo pode ser cancelado.<\/p>\n<h2>Cadastro biom\u00e9trico<\/h2>\n<p>Desde 2008, a Justi\u00e7a Eleitoral adotou o uso de impress\u00f5es digitais para identificar os eleitores de forma biom\u00e9trica. A coleta da biometria \u00e9 um servi\u00e7o obrigat\u00f3rio e gratuito, realizado exclusivamente em atendimentos presenciais.<\/p>\n<p>A coleta biom\u00e9trica acontece durante o alistamento eleitoral (primeiro t\u00edtulo), a revis\u00e3o de dados ou a transfer\u00eancia de domic\u00edlio.<\/p>\n<p>Embora o eleitor que n\u00e3o tenha cadastro biom\u00e9trico possa votar, ele pode ter seu t\u00edtulo cancelado se n\u00e3o comparecer \u00e0 convoca\u00e7\u00e3o para a coleta da biometria.\u00a0<\/p>\n<p>Para conferir a situa\u00e7\u00e3o do t\u00edtulo de eleitor basta acessar o <a href=\"https:\/\/www.tse.jus.br\/servicos-eleitorais\/titulo-e-local-de-votacao\/titulo-e-local-de-votacao\">portal do TSE<\/a>.<\/p>\n<p>\t\t\t\t\t\t\t\t\t<img loading=\"lazy\" decoding=\"async\" src=\"https:\/\/brasil61.com\/api\/v1\/serve_pixel\/17677\/73352\" alt=\"Pixel Brasil 61\" class=\"b61_pixel\" width=\"0\" height=\"0\"><\/p>\n<input type=\"hidden\" id=\"baseurl\" value=\"https:\/\/noticiasdestaque.com.br\"><input type=\"hidden\" id=\"audio_nonce\" value=\"6a24ca502e\">","protected":false},"excerpt":{"rendered":"<p>Especialista destaca a import\u00e2ncia de os eleitores pesquisarem sobre os candidatos e as propostas no site do TSE<\/p>\n","protected":false},"author":1,"featured_media":14622,"comment_status":"open","ping_status":"open","sticky":false,"template":"","format":"standard","meta":{"fifu_image_url":"","fifu_image_alt":"","footnotes":""},"categories":[48],"tags":[],"class_list":["post-14621","post","type-post","status-publish","format-standard","has-post-thumbnail","hentry","category-mundo"],"distributor_meta":false,"distributor_terms":false,"distributor_media":false,"distributor_original_site_name":"Noticias em Destaque","distributor_original_site_url":"https:\/\/noticiasdestaque.com.br","push-errors":false,"_links":{"self":[{"href":"https:\/\/noticiasdestaque.com.br\/index.php\/wp-json\/wp\/v2\/posts\/14621","targetHints":{"allow":["GET"]}}],"collection":[{"href":"https:\/\/noticiasdestaque.com.br\/index.php\/wp-json\/wp\/v2\/posts"}],"about":[{"href":"https:\/\/noticiasdestaque.com.br\/index.php\/wp-json\/wp\/v2\/types\/post"}],"author":[{"embeddable":true,"href":"https:\/\/noticiasdestaque.com.br\/index.php\/wp-json\/wp\/v2\/users\/1"}],"replies":[{"embeddable":true,"href":"https:\/\/noticiasdestaque.com.br\/index.php\/wp-json\/wp\/v2\/comments?post=14621"}],"version-history":[{"count":0,"href":"https:\/\/noticiasdestaque.com.br\/index.php\/wp-json\/wp\/v2\/posts\/14621\/revisions"}],"wp:featuredmedia":[{"embeddable":true,"href":"https:\/\/noticiasdestaque.com.br\/index.php\/wp-json\/wp\/v2\/media\/14622"}],"wp:attachment":[{"href":"https:\/\/noticiasdestaque.com.br\/index.php\/wp-json\/wp\/v2\/media?parent=14621"}],"wp:term":[{"taxonomy":"category","embeddable":true,"href":"https:\/\/noticiasdestaque.com.br\/index.php\/wp-json\/wp\/v2\/categories?post=14621"},{"taxonomy":"post_tag","embeddable":true,"href":"https:\/\/noticiasdestaque.com.br\/index.php\/wp-json\/wp\/v2\/tags?post=14621"}],"curies":[{"name":"wp","href":"https:\/\/api.w.org\/{rel}","templated":true}]}}