{"id":14617,"date":"2024-07-20T00:06:00","date_gmt":"2024-07-20T03:06:00","guid":{"rendered":"https:\/\/noticiasdestaque.com.br\/index.php\/2024\/07\/20\/comercio-em-2025-rotas-de-integracao-sul-americana-comecam-a-ser-inauguradas\/"},"modified":"2024-07-20T00:06:00","modified_gmt":"2024-07-20T03:06:00","slug":"comercio-em-2025-rotas-de-integracao-sul-americana-comecam-a-ser-inauguradas","status":"publish","type":"post","link":"https:\/\/noticiasdestaque.com.br\/index.php\/2024\/07\/20\/comercio-em-2025-rotas-de-integracao-sul-americana-comecam-a-ser-inauguradas\/","title":{"rendered":"Com\u00e9rcio: em 2025, rotas de integra\u00e7\u00e3o sul-americana come\u00e7am a ser inauguradas"},"content":{"rendered":"<p>\t\t\t\t\t\t\t\t\t\t<audio controls class=\"b61_audio_player\" data-noticia=\"73418\" src=\"https:\/\/brasil61.com\/rails\/active_storage\/blobs\/eyJfcmFpbHMiOnsibWVzc2FnZSI6IkJBaHBBOTdqQWc9PSIsImV4cCI6bnVsbCwicHVyIjoiYmxvYl9pZCJ9fQ==--5b28bbe624d7e08509201a4ae069da37c7703bf6\/BRAS2412169A\"><\/audio><\/p>\n<p>A primeira das cinco rotas de integra\u00e7\u00e3o entre Brasil e pa\u00edses vizinhos dever\u00e1 operar j\u00e1 em 2025, segundo a ministra do Planejamento e Or\u00e7amento, Simone Tebet. Al\u00e9m disso, at\u00e9 2026, outras duas rotas ser\u00e3o conclu\u00eddas.<\/p>\n<p>A Rota 2, primeira a ser inaugurada, ligar\u00e1 toda a Regi\u00e3o Norte e parte do Nordeste \u00e0 tr\u00edplice fronteira com Col\u00f4mbia, Peru e Equador.<\/p>\n<p>De acordo com a ministra Simone Tebet, s\u00f3 com o mercado sul-americano, os produtos brasileiros ter\u00e3o acesso a 200 milh\u00f5es de pessoas.\u00a0<\/p>\n<p>Segundo o governo federal, as cinco rotas t\u00eam o papel de incentivar e refor\u00e7ar o com\u00e9rcio do Brasil com os pa\u00edses da Am\u00e9rica do Sul e, ainda, reduzir o tempo e o custo do transporte de mercadorias entre o Brasil e seus vizinhos e o continente asi\u00e1tico.<\/p>\n<p><strong>Confira todas as rotas de integra\u00e7\u00e3o:<\/strong><\/p>\n<ol>\n<li>Rota da Ilha das Guianas: abarca integralmente os estados de Amap\u00e1 e Roraima e partes do Amazonas e\u00a0Par\u00e1, articulada com a Guiana, a Guiana\u00a0Francesa, o Suriname e a Venezuela;<\/li>\n<li>Rota Multimodal Manta-Manaus:\u00a0contempla\u00a0Amazonas e partes dos territ\u00f3rios de Roraima, Par\u00e1 e Amap\u00e1. Ainda ser\u00e1 interligada por via fluvial \u00e0 Col\u00f4mbia, Peru e Equador;<\/li>\n<li>Rota do Quadrante Rondon:\u00a0inclui os estados do Acre e Rond\u00f4nia e\u00a0toda a parte oeste de Mato Grosso, ligada \u00e0 Bol\u00edvia e Peru;<\/li>\n<li>Rota de Capric\u00f3rnio:\u00a0desde os estados de Mato Grosso do Sul, Paran\u00e1 e Santa Catarina, ligada, por m\u00faltiplas vias, a Paraguai, Argentina e Chile;<\/li>\n<li>Rota Porto Alegre-Coquimbo: compreendendo o\u00a0Rio Grande do Sul, integrada \u00e0 Argentina, Uruguai e Chile.<\/li>\n<\/ol>\n<p>\t\t\t\t\t\t\t\t\t<img loading=\"lazy\" decoding=\"async\" src=\"https:\/\/brasil61.com\/api\/v1\/serve_pixel\/17677\/73418\" alt=\"Pixel Brasil 61\" class=\"b61_pixel\" width=\"0\" height=\"0\"><\/p>\n<input type=\"hidden\" id=\"baseurl\" value=\"https:\/\/noticiasdestaque.com.br\"><input type=\"hidden\" id=\"audio_nonce\" value=\"6a24ca502e\">","protected":false},"excerpt":{"rendered":"<p>A primeira das cinco rotas de integra\u00e7\u00e3o entre Brasil e pa\u00edses vizinhos dever\u00e1 operar j\u00e1 em 2025, segundo a  ministra do Planejamento e Or\u00e7amento, Simone Tebet. A Rota 2, primeira a ser inaugurada, ligar\u00e1 toda a Regi\u00e3o Norte e parte do Nordeste \u00e0 tr\u00edplice fronteira com Col\u00f4mbia, Peru e Equador. At\u00e9 2026, outras duas rotas ser\u00e3o conclu\u00eddas.<\/p>\n","protected":false},"author":1,"featured_media":14618,"comment_status":"open","ping_status":"open","sticky":false,"template":"","format":"standard","meta":{"fifu_image_url":"","fifu_image_alt":"","footnotes":""},"categories":[48],"tags":[],"class_list":["post-14617","post","type-post","status-publish","format-standard","has-post-thumbnail","hentry","category-mundo"],"distributor_meta":false,"distributor_terms":false,"distributor_media":false,"distributor_original_site_name":"Noticias em Destaque","distributor_original_site_url":"https:\/\/noticiasdestaque.com.br","push-errors":false,"_links":{"self":[{"href":"https:\/\/noticiasdestaque.com.br\/index.php\/wp-json\/wp\/v2\/posts\/14617","targetHints":{"allow":["GET"]}}],"collection":[{"href":"https:\/\/noticiasdestaque.com.br\/index.php\/wp-json\/wp\/v2\/posts"}],"about":[{"href":"https:\/\/noticiasdestaque.com.br\/index.php\/wp-json\/wp\/v2\/types\/post"}],"author":[{"embeddable":true,"href":"https:\/\/noticiasdestaque.com.br\/index.php\/wp-json\/wp\/v2\/users\/1"}],"replies":[{"embeddable":true,"href":"https:\/\/noticiasdestaque.com.br\/index.php\/wp-json\/wp\/v2\/comments?post=14617"}],"version-history":[{"count":0,"href":"https:\/\/noticiasdestaque.com.br\/index.php\/wp-json\/wp\/v2\/posts\/14617\/revisions"}],"wp:featuredmedia":[{"embeddable":true,"href":"https:\/\/noticiasdestaque.com.br\/index.php\/wp-json\/wp\/v2\/media\/14618"}],"wp:attachment":[{"href":"https:\/\/noticiasdestaque.com.br\/index.php\/wp-json\/wp\/v2\/media?parent=14617"}],"wp:term":[{"taxonomy":"category","embeddable":true,"href":"https:\/\/noticiasdestaque.com.br\/index.php\/wp-json\/wp\/v2\/categories?post=14617"},{"taxonomy":"post_tag","embeddable":true,"href":"https:\/\/noticiasdestaque.com.br\/index.php\/wp-json\/wp\/v2\/tags?post=14617"}],"curies":[{"name":"wp","href":"https:\/\/api.w.org\/{rel}","templated":true}]}}