{"id":14615,"date":"2024-07-20T00:05:00","date_gmt":"2024-07-20T03:05:00","guid":{"rendered":"https:\/\/noticiasdestaque.com.br\/index.php\/2024\/07\/20\/inscricoes-para-o-curso-conceitos-e-aplicacoes-do-censo-demografico-em-politicas-publicas-vao-ate-31-de-julho\/"},"modified":"2024-07-20T00:05:00","modified_gmt":"2024-07-20T03:05:00","slug":"inscricoes-para-o-curso-conceitos-e-aplicacoes-do-censo-demografico-em-politicas-publicas-vao-ate-31-de-julho","status":"publish","type":"post","link":"https:\/\/noticiasdestaque.com.br\/index.php\/2024\/07\/20\/inscricoes-para-o-curso-conceitos-e-aplicacoes-do-censo-demografico-em-politicas-publicas-vao-ate-31-de-julho\/","title":{"rendered":"Inscri\u00e7\u00f5es para o curso \u201cConceitos e aplica\u00e7\u00f5es do Censo Demogr\u00e1fico em pol\u00edticas p\u00fablicas\u201d v\u00e3o at\u00e9 31 de julho"},"content":{"rendered":"<p>\t\t\t\t\t\t\t\t\t\t<audio controls class=\"b61_audio_player\" data-noticia=\"73392\" src=\"https:\/\/brasil61.com\/rails\/active_storage\/blobs\/eyJfcmFpbHMiOnsibWVzc2FnZSI6IkJBaHBBNUxqQWc9PSIsImV4cCI6bnVsbCwicHVyIjoiYmxvYl9pZCJ9fQ==--886c4ae685e1e28ca31ab65f49dc764c2d0d4e0c\/BRAS2412156A\"><\/audio><\/p>\n<p>O Instituto Brasileiro de Geografia e Estat\u00edstica (IBGE), em parceria com a Universidade Federal de Goi\u00e1s (UFG), anunciou a abertura das inscri\u00e7\u00f5es para o curso &#8220;Conceitos e aplica\u00e7\u00f5es do Censo Demogr\u00e1fico em pol\u00edticas p\u00fablicas&#8221;. Destinado a gestores e t\u00e9cnicos municipais e estaduais, o programa tem dura\u00e7\u00e3o de 30 horas e o prazo para se inscrever vai at\u00e9 31 de julho. As informa\u00e7\u00f5es foram divulgadas pelo IBGE.<\/p>\n<p>O curso ser\u00e1 oferecido na modalidade de Ensino \u00e0 Dist\u00e2ncia (EaD) por meio do Centro Integrado de Aprendizagem em Rede (CIAR) da UFG. Segundo Ana Carolina Bertho, Coordenadora de Treinamento e Aperfei\u00e7oamento da Escola Nacional de Ci\u00eancias Estat\u00edsticas (Ence), a flexibilidade do formato EaD permite aos alunos assistir \u00e0s aulas conforme sua disponibilidade, o que amplia o alcance do programa.<\/p>\n<p>Ser\u00e3o disponibilizadas 500 vagas para gestores e t\u00e9cnicos da administra\u00e7\u00e3o p\u00fablica municipal e estadual (sendo reservadas 40 vagas exclusivamente para o Rio Grande do Sul), al\u00e9m de servidores da rede do IBGE, universit\u00e1rios (professores, estudantes e pesquisadores) e integrantes de movimentos sociais.<\/p>\n<p>Em caso de excedente de interessados que n\u00e3o consigam se inscrever devido ao preenchimento das vagas, ser\u00e1 formada uma lista de espera para novas turmas. A rela\u00e7\u00e3o dos inscritos ser\u00e1 divulgada no site da Ence em 2 de agosto.<\/p>\n<p>Ana Carolina Bertho enfatiza que a iniciativa integra o Programa Censo Demogr\u00e1fico para a gest\u00e3o p\u00fablica, que inclui outras capacita\u00e7\u00f5es tem\u00e1ticas, como &#8220;Conceitos e aplica\u00e7\u00f5es do Censo Demogr\u00e1fico para o desenvolvimento econ\u00f4mico&#8221; e &#8220;Conceitos e Aplica\u00e7\u00f5es do Censo Demogr\u00e1fico para o desenvolvimento sustent\u00e1vel&#8221;, que ser\u00e3o oferecidos nos meses seguintes.<\/p>\n<h2>Como se inscrever?<\/h2>\n<p>Para realizar a inscri\u00e7\u00e3o no curso &#8220;Conceitos e aplica\u00e7\u00f5es do Censo Demogr\u00e1fico em pol\u00edticas p\u00fablicas&#8221;, basta acessar ao <a href=\"https:\/\/eadmin.ciar.ufg.br\/publico\/abertas\">site da Ence<\/a> e criar um cadastro com nome completo, login, CPF, telefone, e-mail e senha. Ap\u00f3s isso, basta clicar em &#8220;se inscrever&#8221;.<\/p>\n<p>O curso estar\u00e1 acess\u00edvel a partir de 7 de agosto, com prazo para conclus\u00e3o at\u00e9 6 de setembro. Os participantes que alcan\u00e7arem aproveitamento superior a 70% receber\u00e3o certificado de conclus\u00e3o.<\/p>\n<p><strong>Leia mais:<\/strong><\/p>\n<p><a href=\"https:\/\/brasil61.com\/n\/fpm-prefeituras-partilham-cerca-de-r-1-8-bi-nesta-sexta-19-veja-quanto-a-sua-cidade-recebera-bras2412124\">FPM: prefeituras partilham cerca de R$ 1,8 bi nesta sexta (19); veja quanto a sua cidade receber\u00e1<\/a><\/p>\n<p>\t\t\t\t\t\t\t\t\t<img loading=\"lazy\" decoding=\"async\" src=\"https:\/\/brasil61.com\/api\/v1\/serve_pixel\/17677\/73392\" alt=\"Pixel Brasil 61\" class=\"b61_pixel\" width=\"0\" height=\"0\"><\/p>\n<input type=\"hidden\" id=\"baseurl\" value=\"https:\/\/noticiasdestaque.com.br\"><input type=\"hidden\" id=\"audio_nonce\" value=\"6a24ca502e\">","protected":false},"excerpt":{"rendered":"<p>O curso \u00e9 promovido pelo Instituto Brasileiro de Geografia e Estat\u00edstica (IBGE), em parceria com a Universidade Federal de Goi\u00e1s (UFG)<\/p>\n","protected":false},"author":1,"featured_media":14616,"comment_status":"open","ping_status":"open","sticky":false,"template":"","format":"standard","meta":{"fifu_image_url":"","fifu_image_alt":"","footnotes":""},"categories":[48],"tags":[],"class_list":["post-14615","post","type-post","status-publish","format-standard","has-post-thumbnail","hentry","category-mundo"],"distributor_meta":false,"distributor_terms":false,"distributor_media":false,"distributor_original_site_name":"Noticias em Destaque","distributor_original_site_url":"https:\/\/noticiasdestaque.com.br","push-errors":false,"_links":{"self":[{"href":"https:\/\/noticiasdestaque.com.br\/index.php\/wp-json\/wp\/v2\/posts\/14615","targetHints":{"allow":["GET"]}}],"collection":[{"href":"https:\/\/noticiasdestaque.com.br\/index.php\/wp-json\/wp\/v2\/posts"}],"about":[{"href":"https:\/\/noticiasdestaque.com.br\/index.php\/wp-json\/wp\/v2\/types\/post"}],"author":[{"embeddable":true,"href":"https:\/\/noticiasdestaque.com.br\/index.php\/wp-json\/wp\/v2\/users\/1"}],"replies":[{"embeddable":true,"href":"https:\/\/noticiasdestaque.com.br\/index.php\/wp-json\/wp\/v2\/comments?post=14615"}],"version-history":[{"count":0,"href":"https:\/\/noticiasdestaque.com.br\/index.php\/wp-json\/wp\/v2\/posts\/14615\/revisions"}],"wp:featuredmedia":[{"embeddable":true,"href":"https:\/\/noticiasdestaque.com.br\/index.php\/wp-json\/wp\/v2\/media\/14616"}],"wp:attachment":[{"href":"https:\/\/noticiasdestaque.com.br\/index.php\/wp-json\/wp\/v2\/media?parent=14615"}],"wp:term":[{"taxonomy":"category","embeddable":true,"href":"https:\/\/noticiasdestaque.com.br\/index.php\/wp-json\/wp\/v2\/categories?post=14615"},{"taxonomy":"post_tag","embeddable":true,"href":"https:\/\/noticiasdestaque.com.br\/index.php\/wp-json\/wp\/v2\/tags?post=14615"}],"curies":[{"name":"wp","href":"https:\/\/api.w.org\/{rel}","templated":true}]}}