{"id":14605,"date":"2024-07-19T18:00:00","date_gmt":"2024-07-19T21:00:00","guid":{"rendered":"https:\/\/noticiasdestaque.com.br\/index.php\/2024\/07\/19\/previsao-do-tempo-sabado-20-tem-alerta-para-baixa-umidade-e-geada-no-sudeste\/"},"modified":"2024-07-19T18:00:00","modified_gmt":"2024-07-19T21:00:00","slug":"previsao-do-tempo-sabado-20-tem-alerta-para-baixa-umidade-e-geada-no-sudeste","status":"publish","type":"post","link":"https:\/\/noticiasdestaque.com.br\/index.php\/2024\/07\/19\/previsao-do-tempo-sabado-20-tem-alerta-para-baixa-umidade-e-geada-no-sudeste\/","title":{"rendered":"PREVIS\u00c3O DO TEMPO: s\u00e1bado (20) tem alerta para baixa umidade e geada no Sudeste"},"content":{"rendered":"<p>\t\t\t\t\t\t\t\t\t\t<audio controls class=\"b61_audio_player\" data-noticia=\"73398\" src=\"https:\/\/brasil61.com\/rails\/active_storage\/blobs\/eyJfcmFpbHMiOnsibWVzc2FnZSI6IkJBaHBBM25qQWc9PSIsImV4cCI6bnVsbCwicHVyIjoiYmxvYl9pZCJ9fQ==--6bf12908ffb5d8722a0dfac5de2b87891db262bb\/PTSD243671A\"><\/audio><\/p>\n<p>O Instituto Nacional de Meteorologia (Inmet) alerta para perigo potencial de baixa umidade em Minas Gerais e em S\u00e3o Paulo, atingindo cidades como Uberl\u00e2ndia (MG) e Ja\u00fa (SP).<\/p>\n<p>Tamb\u00e9m h\u00e1 alerta para perigo potencial de geada no sul e sudoeste de Minas, em cidades como Extrema e Pouso Alegre.<\/p>\n<p><strong>Confira agora a previs\u00e3o do tempo no seu estado.\u00a0<\/strong><\/p>\n<p><strong>Esp\u00edrito Santo<\/strong><\/p>\n<p>Este s\u00e1bado (20) come\u00e7a com nevoeiro em todo o Esp\u00edrito Santo. Durante a tarde, o tempo fica encoberto e \u00e0 noite, deve haver poucas nuvens em cidades como Marata\u00edzes, Santa Maria de Jetib\u00e1, Linhares e demais munic\u00edpios capixabas.\u00a0<\/p>\n<p><strong>Minas Gerais\u00a0<\/strong><\/p>\n<p>O dia come\u00e7a com nevoeiro no Vale do Mucuri, Vale do Rio Doce e microrregi\u00f5es de Capelinha, Ara\u00e7ua\u00ed, Pedra Azul e Almenara. Geadas s\u00e3o esperadas nas microrregi\u00f5es de Itajub\u00e1, S\u00e3o Louren\u00e7o e Pouso Alegre. Durante a tarde e \u00e0 noite, deve haver poucas nuvens em todo o estado.\u00a0<\/p>\n<p><strong>Rio de Janeiro<\/strong><\/p>\n<p>O s\u00e1bado (20) come\u00e7a com tempo encoberto em todo o estado do Rio de Janeiro. Durante a tarde, muitas nuvens apenas no noroeste e norte fluminense. \u00c0 noite, tempo encoberto apenas nas cidades de Rio Claro, Angra dos Reis e Paraty. Nas demais regi\u00f5es, poucas nuvens.\u00a0<\/p>\n<p><strong>S\u00e3o Paulo<\/strong><\/p>\n<p>O dia come\u00e7a com nevoeiro ou n\u00e9voa \u00famida no Vale do Para\u00edba, Litoral Sul, Metropolitana de S\u00e3o Paulo, Macro Metropolitana e Itapetininga. Nas demais regi\u00f5es, poucas nuvens. Durante a tarde, deve haver poucas nuvens em todo o estado e, \u00e0 noite, o tempo volta a ficar encoberto, mas sem n\u00e9voa, no Vale do Para\u00edba, Litoral Sul, Metropolitana de S\u00e3o Paulo, Macro Metropolitana e Itapetininga.<\/p>\n<p><strong>Temperatura m\u00ednima e m\u00e1xima na regi\u00e3o<\/strong><\/p>\n<p>A temperatura m\u00ednima fica em torno de 2\u00b0C em Camanducaia, em Minas Gerais, e a m\u00e1xima prevista \u00e9 de 33\u00baC em Ara\u00e7atuba, em S\u00e3o Paulo. A umidade relativa do ar varia entre 25% e 90%.<\/p>\n<p>As informa\u00e7\u00f5es s\u00e3o do Instituto Nacional de Meteorologia.<\/p>\n<p>\t\t\t\t\t\t\t\t\t<img loading=\"lazy\" decoding=\"async\" src=\"https:\/\/brasil61.com\/api\/v1\/serve_pixel\/17677\/73398\" alt=\"Pixel Brasil 61\" class=\"b61_pixel\" width=\"0\" height=\"0\"><\/p>\n<input type=\"hidden\" id=\"baseurl\" value=\"https:\/\/noticiasdestaque.com.br\"><input type=\"hidden\" id=\"audio_nonce\" value=\"6a24ca502e\">","protected":false},"excerpt":{"rendered":"<p>A temperatura pode variar entre 2\u00baC e 33\u00baC<\/p>\n","protected":false},"author":1,"featured_media":14606,"comment_status":"open","ping_status":"open","sticky":false,"template":"","format":"standard","meta":{"fifu_image_url":"","fifu_image_alt":"","footnotes":""},"categories":[58],"tags":[],"class_list":["post-14605","post","type-post","status-publish","format-standard","has-post-thumbnail","hentry","category-cotidiano"],"distributor_meta":false,"distributor_terms":false,"distributor_media":false,"distributor_original_site_name":"Noticias em Destaque","distributor_original_site_url":"https:\/\/noticiasdestaque.com.br","push-errors":false,"_links":{"self":[{"href":"https:\/\/noticiasdestaque.com.br\/index.php\/wp-json\/wp\/v2\/posts\/14605","targetHints":{"allow":["GET"]}}],"collection":[{"href":"https:\/\/noticiasdestaque.com.br\/index.php\/wp-json\/wp\/v2\/posts"}],"about":[{"href":"https:\/\/noticiasdestaque.com.br\/index.php\/wp-json\/wp\/v2\/types\/post"}],"author":[{"embeddable":true,"href":"https:\/\/noticiasdestaque.com.br\/index.php\/wp-json\/wp\/v2\/users\/1"}],"replies":[{"embeddable":true,"href":"https:\/\/noticiasdestaque.com.br\/index.php\/wp-json\/wp\/v2\/comments?post=14605"}],"version-history":[{"count":0,"href":"https:\/\/noticiasdestaque.com.br\/index.php\/wp-json\/wp\/v2\/posts\/14605\/revisions"}],"wp:featuredmedia":[{"embeddable":true,"href":"https:\/\/noticiasdestaque.com.br\/index.php\/wp-json\/wp\/v2\/media\/14606"}],"wp:attachment":[{"href":"https:\/\/noticiasdestaque.com.br\/index.php\/wp-json\/wp\/v2\/media?parent=14605"}],"wp:term":[{"taxonomy":"category","embeddable":true,"href":"https:\/\/noticiasdestaque.com.br\/index.php\/wp-json\/wp\/v2\/categories?post=14605"},{"taxonomy":"post_tag","embeddable":true,"href":"https:\/\/noticiasdestaque.com.br\/index.php\/wp-json\/wp\/v2\/tags?post=14605"}],"curies":[{"name":"wp","href":"https:\/\/api.w.org\/{rel}","templated":true}]}}