{"id":14603,"date":"2024-07-19T18:00:00","date_gmt":"2024-07-19T21:00:00","guid":{"rendered":"https:\/\/noticiasdestaque.com.br\/index.php\/2024\/07\/19\/previsao-do-tempo-sabado-20-tem-alerta-para-baixa-umidade-no-norte\/"},"modified":"2024-07-19T18:00:00","modified_gmt":"2024-07-19T21:00:00","slug":"previsao-do-tempo-sabado-20-tem-alerta-para-baixa-umidade-no-norte","status":"publish","type":"post","link":"https:\/\/noticiasdestaque.com.br\/index.php\/2024\/07\/19\/previsao-do-tempo-sabado-20-tem-alerta-para-baixa-umidade-no-norte\/","title":{"rendered":"PREVIS\u00c3O DO TEMPO: s\u00e1bado (20) tem alerta para baixa umidade no Norte"},"content":{"rendered":"<p>\t\t\t\t\t\t\t\t\t\t<audio controls class=\"b61_audio_player\" data-noticia=\"73397\" src=\"https:\/\/brasil61.com\/rails\/active_storage\/blobs\/eyJfcmFpbHMiOnsibWVzc2FnZSI6IkJBaHBBM2ZqQWc9PSIsImV4cCI6bnVsbCwicHVyIjoiYmxvYl9pZCJ9fQ==--278f8a6d0f1247eaa9bb120478ea23f41f745685\/PTRN243949A\"><\/audio><\/p>\n<p><strong>Avisos meteorol\u00f3gicos<\/strong><\/p>\n<p>O Instituto Nacional de Meteorologia (Inmet) alerta para perigo potencial de baixa umidade em Rond\u00f4nia, Par\u00e1, Amazonas e Tocantins, atingindo cidades como Ji-Paran\u00e1 (RO), Altamira (PA), Humait\u00e1 (AM) e Dian\u00f3polis (TO).<\/p>\n<p><strong>Confira agora a previs\u00e3o do tempo no seu estado.\u00a0<\/strong><\/p>\n<p><strong>Acre<\/strong><\/p>\n<p>A previs\u00e3o para este s\u00e1bado (20) \u00e9 de muitas nuvens no Vale do Juru\u00e1 e poucas nuvens no Vale do Acre. Em todo o estado, em cidades como Tarauac\u00e1, Sena Madureira e Brasil\u00e9ia, n\u00e3o h\u00e1 previs\u00e3o de chuvas.<\/p>\n<p><strong>Amap\u00e1<\/strong><\/p>\n<p>O dia come\u00e7a com possibilidade de chuva em grande parte do Amap\u00e1, exceto na cidade de Vit\u00f3ria do Jari, onde n\u00e3o h\u00e1 previs\u00e3o de chuva. Durante a tarde e \u00e0 noite, a previs\u00e3o \u00e9 de pancadas de chuva nos munic\u00edpios de Tartarugalzinho, Macap\u00e1 e demais cidades amapaenses.\u00a0<\/p>\n<p><strong>Amazonas<\/strong><\/p>\n<p>O dia come\u00e7a com pancadas de chuvas no norte amazonense. Tem possibilidade de chuva no centro do estado. Durante a tarde, as chuvas s\u00e3o fortes nessas regi\u00f5es, mas s\u00e3o apenas uma possibilidade no sudoeste amazonense. \u00c0 noite, as chuvas voltam a ser fortes apenas no norte e s\u00e3o uma possibilidade no centro. Em cidades como Manicor\u00e9, L\u00e1brea e Boca do Acre, n\u00e3o h\u00e1 previs\u00e3o de chuva.<\/p>\n<p><strong>Par\u00e1<\/strong><\/p>\n<p>O dia come\u00e7a com possibilidade de chuva no Baixo Amazonas, Maraj\u00f3, Regi\u00e3o Metropolitana de Bel\u00e9m e nordeste paraense. Durante a tarde e \u00e0 noite, tem pancadas de chuva no Baixo Amazonas e nas cidades de Gurup\u00e1, Afu\u00e1 e Chaves. Possibilidade de chuvas no Maraj\u00f3, Metropolitana de Bel\u00e9m e nordeste paraense. \u00c0 noite, deve haver chuvas isoladas nessas regi\u00f5es.\u00a0<\/p>\n<p><strong>Rond\u00f4nia<\/strong><\/p>\n<p>A previs\u00e3o \u00e9 de poucas nuvens e sem chuvas em todo o estado, em cidades como S\u00e3o Miguel do Guapor\u00e9 e Guajar\u00e1-Mirim.<\/p>\n<p><strong>Roraima<\/strong><\/p>\n<p>Este s\u00e1bado (20) come\u00e7a com pancadas de chuvas em grande parte do estado, com exce\u00e7\u00e3o das cidades de Rorain\u00f3polis, S\u00e3o Luiz, Caroebe e S\u00e3o Jo\u00e3o da Baliza, onde as chuvas s\u00e3o apenas uma possibilidade. Durante a tarde e \u00e0 noite, as chuvas s\u00e3o fortes e acompanhadas por trovoadas isoladas em todo o estado.\u00a0<\/p>\n<p><strong>Tocantins<\/strong><\/p>\n<p>A previs\u00e3o \u00e9 de tempo aberto e com poucas nuvens no Tocantins durante o dia e \u00e0 noite.\u00a0<\/p>\n<p><strong>Temperatura m\u00ednima e m\u00e1xima na regi\u00e3o<\/strong><\/p>\n<p>A temperatura m\u00ednima fica em torno de 14\u00b0C no munic\u00edpio de Santa Isabel do Rio Negro, no Amazonas, e a m\u00e1xima prevista \u00e9 de 38\u00b0C em Pimenta Bueno, em Rond\u00f4nia. A umidade relativa do ar varia entre 20% e 95%.<\/p>\n<p>As informa\u00e7\u00f5es s\u00e3o do Instituto Nacional de Meteorologia.<\/p>\n<p>\t\t\t\t\t\t\t\t\t<img loading=\"lazy\" decoding=\"async\" src=\"https:\/\/brasil61.com\/api\/v1\/serve_pixel\/17677\/73397\" alt=\"Pixel Brasil 61\" class=\"b61_pixel\" width=\"0\" height=\"0\"><\/p>\n<input type=\"hidden\" id=\"baseurl\" value=\"https:\/\/noticiasdestaque.com.br\"><input type=\"hidden\" id=\"audio_nonce\" value=\"6a24ca502e\">","protected":false},"excerpt":{"rendered":"<p>A temperatura pode variar entre 14\u00baC e 38\u00baC<\/p>\n","protected":false},"author":1,"featured_media":14604,"comment_status":"open","ping_status":"open","sticky":false,"template":"","format":"standard","meta":{"fifu_image_url":"","fifu_image_alt":"","footnotes":""},"categories":[58],"tags":[],"class_list":["post-14603","post","type-post","status-publish","format-standard","has-post-thumbnail","hentry","category-cotidiano"],"distributor_meta":false,"distributor_terms":false,"distributor_media":false,"distributor_original_site_name":"Noticias em Destaque","distributor_original_site_url":"https:\/\/noticiasdestaque.com.br","push-errors":false,"_links":{"self":[{"href":"https:\/\/noticiasdestaque.com.br\/index.php\/wp-json\/wp\/v2\/posts\/14603","targetHints":{"allow":["GET"]}}],"collection":[{"href":"https:\/\/noticiasdestaque.com.br\/index.php\/wp-json\/wp\/v2\/posts"}],"about":[{"href":"https:\/\/noticiasdestaque.com.br\/index.php\/wp-json\/wp\/v2\/types\/post"}],"author":[{"embeddable":true,"href":"https:\/\/noticiasdestaque.com.br\/index.php\/wp-json\/wp\/v2\/users\/1"}],"replies":[{"embeddable":true,"href":"https:\/\/noticiasdestaque.com.br\/index.php\/wp-json\/wp\/v2\/comments?post=14603"}],"version-history":[{"count":0,"href":"https:\/\/noticiasdestaque.com.br\/index.php\/wp-json\/wp\/v2\/posts\/14603\/revisions"}],"wp:featuredmedia":[{"embeddable":true,"href":"https:\/\/noticiasdestaque.com.br\/index.php\/wp-json\/wp\/v2\/media\/14604"}],"wp:attachment":[{"href":"https:\/\/noticiasdestaque.com.br\/index.php\/wp-json\/wp\/v2\/media?parent=14603"}],"wp:term":[{"taxonomy":"category","embeddable":true,"href":"https:\/\/noticiasdestaque.com.br\/index.php\/wp-json\/wp\/v2\/categories?post=14603"},{"taxonomy":"post_tag","embeddable":true,"href":"https:\/\/noticiasdestaque.com.br\/index.php\/wp-json\/wp\/v2\/tags?post=14603"}],"curies":[{"name":"wp","href":"https:\/\/api.w.org\/{rel}","templated":true}]}}