{"id":14599,"date":"2024-07-19T18:00:00","date_gmt":"2024-07-19T21:00:00","guid":{"rendered":"https:\/\/noticiasdestaque.com.br\/index.php\/2024\/07\/19\/previsao-do-tempo-sabado-20-tem-alerta-para-baixa-umidade-no-parana\/"},"modified":"2024-07-19T18:00:00","modified_gmt":"2024-07-19T21:00:00","slug":"previsao-do-tempo-sabado-20-tem-alerta-para-baixa-umidade-no-parana","status":"publish","type":"post","link":"https:\/\/noticiasdestaque.com.br\/index.php\/2024\/07\/19\/previsao-do-tempo-sabado-20-tem-alerta-para-baixa-umidade-no-parana\/","title":{"rendered":"PREVIS\u00c3O DO TEMPO: s\u00e1bado (20) tem alerta para baixa umidade no Paran\u00e1"},"content":{"rendered":"<p>\t\t\t\t\t\t\t\t\t\t<audio controls class=\"b61_audio_player\" data-noticia=\"73393\" src=\"https:\/\/brasil61.com\/rails\/active_storage\/blobs\/eyJfcmFpbHMiOnsibWVzc2FnZSI6IkJBaHBBM1RqQWc9PSIsImV4cCI6bnVsbCwicHVyIjoiYmxvYl9pZCJ9fQ==--43b44b7a8088e1e1de6d12d6a8c293fedbab1407\/PTRS243582A\"><\/audio><\/p>\n<p>Neste s\u00e1bado (20), h\u00e1 possibilidade de geada e nevoeiro nos estados da Regi\u00e3o Sul.\u00a0<\/p>\n<p><strong>Avisos meteorol\u00f3gicos<\/strong><\/p>\n<p>O Instituto Nacional de Meteorologia (Inmet) alerta para perigo potencial de baixa umidade no norte pioneiro, noroeste, norte central, centro oriental, centro ocidental e oeste paranaense, atingindo cidades como Corn\u00e9lio Proc\u00f3pio, Faxinal e Goioer\u00ea.<\/p>\n<p><strong>Confira agora a previs\u00e3o do tempo no seu estado.\u00a0<\/strong><\/p>\n<p><strong>Paran\u00e1<\/strong><\/p>\n<p>Este s\u00e1bado (20) come\u00e7a com possibilidade de geada nas microrregi\u00f5es de Uni\u00e3o da Vit\u00f3ria e Guarapuava. Nevoeiro ou n\u00e9voa \u00famida na Regi\u00e3o Metropolitana de Curitiba, centro oriental e norte pioneiro paranaense. Durante a tarde, poucas nuvens em todo o estado e \u00e0 noite, apenas a Regi\u00e3o Metropolitana de Curitiba fica com tempo encoberto.\u00a0<\/p>\n<p><strong>Santa Catarina<\/strong><\/p>\n<p>O dia come\u00e7a com possibilidade de geada nas microrregi\u00f5es de Canoinhas, Curitibanos, Joa\u00e7aba e Campos de Lages. Nevoeiro ou n\u00e9voa \u00famida s\u00e3o esperadas no sul catarinense, Grande Florian\u00f3polis, Vale do Itaja\u00ed e microrregi\u00f5es de Joinville e S\u00e3o Bento do Sul. Durante a tarde, poucas nuvens em todo o estado e tempo encoberto apenas no sul catarinense, Grande Florian\u00f3polis e Campos de Lages. \u00c0 noite, as muitas nuvens se espalham para o Vale do Itaja\u00ed e norte catarinense. Em cidades como Chapec\u00f3, Xanxer\u00ea e S\u00e3o Miguel do Oeste, poucas nuvens.\u00a0<\/p>\n<p><strong>Rio Grande do Sul\u00a0<\/strong><\/p>\n<p>Neste s\u00e1bado (13), o dia come\u00e7a com geada na microrregi\u00e3o de Vacaria. Tempo encoberto com nevoeiro nas demais regi\u00f5es do Rio Grande do Sul. Durante a tarde, tem\u00a0possibilidade de chuva no sudeste ga\u00facho e nas microrregi\u00f5es de Campanha Meridional e Campanha Central, em cidades como Sant&#8217;Ana do Livramento, Bag\u00e9 e Rio Grande. \u00c0 noite, a previs\u00e3o varia entre muitas e poucas nuvens e sem chuvas. \u00a0<\/p>\n<p><strong>Temperatura m\u00ednima e m\u00e1xima na regi\u00e3o<\/strong><\/p>\n<p>A temperatura m\u00ednima fica em torno de 6\u00b0C no munic\u00edpio de Lapa, no Paran\u00e1, e a m\u00e1xima prevista \u00e9 de 30\u00baC na cidade de Porto Rico, tamb\u00e9m no estado paranaense. A umidade relativa do ar varia entre 35% e 100%.<\/p>\n<p>As informa\u00e7\u00f5es s\u00e3o do Instituto Nacional de Meteorologia.<\/p>\n<p>\t\t\t\t\t\t\t\t\t<img loading=\"lazy\" decoding=\"async\" src=\"https:\/\/brasil61.com\/api\/v1\/serve_pixel\/17677\/73393\" alt=\"Pixel Brasil 61\" class=\"b61_pixel\" width=\"0\" height=\"0\"><\/p>\n<input type=\"hidden\" id=\"baseurl\" value=\"https:\/\/noticiasdestaque.com.br\"><input type=\"hidden\" id=\"audio_nonce\" value=\"6a24ca502e\">","protected":false},"excerpt":{"rendered":"<p>A temperatura pode variar entre 6\u00baC e 30\u00baC<\/p>\n","protected":false},"author":1,"featured_media":14600,"comment_status":"open","ping_status":"open","sticky":false,"template":"","format":"standard","meta":{"fifu_image_url":"","fifu_image_alt":"","footnotes":""},"categories":[58],"tags":[],"class_list":["post-14599","post","type-post","status-publish","format-standard","has-post-thumbnail","hentry","category-cotidiano"],"distributor_meta":false,"distributor_terms":false,"distributor_media":false,"distributor_original_site_name":"Noticias em Destaque","distributor_original_site_url":"https:\/\/noticiasdestaque.com.br","push-errors":false,"_links":{"self":[{"href":"https:\/\/noticiasdestaque.com.br\/index.php\/wp-json\/wp\/v2\/posts\/14599","targetHints":{"allow":["GET"]}}],"collection":[{"href":"https:\/\/noticiasdestaque.com.br\/index.php\/wp-json\/wp\/v2\/posts"}],"about":[{"href":"https:\/\/noticiasdestaque.com.br\/index.php\/wp-json\/wp\/v2\/types\/post"}],"author":[{"embeddable":true,"href":"https:\/\/noticiasdestaque.com.br\/index.php\/wp-json\/wp\/v2\/users\/1"}],"replies":[{"embeddable":true,"href":"https:\/\/noticiasdestaque.com.br\/index.php\/wp-json\/wp\/v2\/comments?post=14599"}],"version-history":[{"count":0,"href":"https:\/\/noticiasdestaque.com.br\/index.php\/wp-json\/wp\/v2\/posts\/14599\/revisions"}],"wp:featuredmedia":[{"embeddable":true,"href":"https:\/\/noticiasdestaque.com.br\/index.php\/wp-json\/wp\/v2\/media\/14600"}],"wp:attachment":[{"href":"https:\/\/noticiasdestaque.com.br\/index.php\/wp-json\/wp\/v2\/media?parent=14599"}],"wp:term":[{"taxonomy":"category","embeddable":true,"href":"https:\/\/noticiasdestaque.com.br\/index.php\/wp-json\/wp\/v2\/categories?post=14599"},{"taxonomy":"post_tag","embeddable":true,"href":"https:\/\/noticiasdestaque.com.br\/index.php\/wp-json\/wp\/v2\/tags?post=14599"}],"curies":[{"name":"wp","href":"https:\/\/api.w.org\/{rel}","templated":true}]}}