{"id":14589,"date":"2024-07-20T00:05:00","date_gmt":"2024-07-20T03:05:00","guid":{"rendered":"https:\/\/noticiasdestaque.com.br\/index.php\/2024\/07\/20\/sudeste-registra-aumento-em-hospitalizacoes-por-virus-respiratorios-aponta-infogripe\/"},"modified":"2024-07-20T00:05:00","modified_gmt":"2024-07-20T03:05:00","slug":"sudeste-registra-aumento-em-hospitalizacoes-por-virus-respiratorios-aponta-infogripe","status":"publish","type":"post","link":"https:\/\/noticiasdestaque.com.br\/index.php\/2024\/07\/20\/sudeste-registra-aumento-em-hospitalizacoes-por-virus-respiratorios-aponta-infogripe\/","title":{"rendered":"Sudeste registra aumento em hospitaliza\u00e7\u00f5es por v\u00edrus respirat\u00f3rios, aponta InfoGripe"},"content":{"rendered":"<p>\t\t\t\t\t\t\t\t\t\t<audio controls class=\"b61_audio_player\" data-noticia=\"73419\" src=\"https:\/\/brasil61.com\/rails\/active_storage\/blobs\/eyJfcmFpbHMiOnsibWVzc2FnZSI6IkJBaHBBOS9qQWc9PSIsImV4cCI6bnVsbCwicHVyIjoiYmxvYl9pZCJ9fQ==--f460e415b5dc9ea780acc1af62a69314dc56b07a\/BRAS2412170A\"><\/audio><\/p>\n<p>O Boletim InfoGripe, divulgado na \u00faltima quinta-feira (18), apontou um aumento no n\u00famero de hospitaliza\u00e7\u00f5es por v\u00edrus respirat\u00f3rios na Regi\u00e3o Sudeste do pa\u00eds. Enquanto o Brasil, como um todo, apresenta uma diminui\u00e7\u00e3o no n\u00famero de novas hospitaliza\u00e7\u00f5es por S\u00edndrome Respirat\u00f3ria Aguda Grave (SRAG), o Sudeste v\u00ea um crescimento devido \u00e0 influenza, v\u00edrus sincicial respirat\u00f3rio (VSR) e rinov\u00edrus.<\/p>\n<p>A pesquisadora Tatiana Portella, do Programa de Computa\u00e7\u00e3o Cient\u00edfica da Fiocruz, destacou que, embora alguns estados do Centro-Sul tenham conseguido interromper o crescimento dos casos de VSR e influenza A, a maioria dos estados do Sudeste continua a ver um aumento nesses v\u00edrus respirat\u00f3rios.<\/p>\n<p>A Covid-19, apesar de estar circulando em n\u00edveis baixos, continua a ser a segunda maior causa de \u00f3bitos por SRAG em idosos nas \u00faltimas semanas. O boletim tamb\u00e9m aponta um leve aumento na atividade da Covid-19 em alguns estados do Norte e Nordeste, com destaque para Cear\u00e1, Piau\u00ed e Amazonas.<\/p>\n<p>Seis estados apresentaram crescimento de SRAG na tend\u00eancia de longo prazo: Amap\u00e1, Esp\u00edrito Santo, Minas Gerais, Par\u00e1, Roraima e S\u00e3o Paulo. Entre as capitais, Bel\u00e9m, Boa Vista, Cuiab\u00e1, Macap\u00e1, Macei\u00f3, Porto Velho, Rio Branco, S\u00e3o Paulo, Teresina e Vit\u00f3ria mostram sinais de aumento.<\/p>\n<p>Nas \u00faltimas quatro semanas epidemiol\u00f3gicas, a preval\u00eancia entre os casos positivos foi de 21,5% para influenza A;\u00a038,8% para VSR e 8,7% para Sars-CoV-2 (Covid-19). Entre os \u00f3bitos, 40,7% foram atribu\u00eddos \u00e0 influenza A;17,9% ao VSR e 26,2% \u00e0 Covid-19.<\/p>\n<p>Os pesquisadores do InfoGripe ressaltam a import\u00e2ncia da vigil\u00e2ncia cont\u00ednua e cuidados por parte da popula\u00e7\u00e3o, especialmente dos idosos, devido \u00e0 persist\u00eancia dos v\u00edrus respirat\u00f3rios e da Covid-19.<\/p>\n<p>\t\t\t\t\t\t\t\t\t<img loading=\"lazy\" decoding=\"async\" src=\"https:\/\/brasil61.com\/api\/v1\/serve_pixel\/17677\/73419\" alt=\"Pixel Brasil 61\" class=\"b61_pixel\" width=\"0\" height=\"0\"><\/p>\n<input type=\"hidden\" id=\"baseurl\" value=\"https:\/\/noticiasdestaque.com.br\"><input type=\"hidden\" id=\"audio_nonce\" value=\"6a24ca502e\">","protected":false},"excerpt":{"rendered":"<p>Pesquisadores do InfoGripe ressaltam a import\u00e2ncia da vigil\u00e2ncia cont\u00ednua e cuidados por parte da popula\u00e7\u00e3o, especialmente dos idosos<\/p>\n","protected":false},"author":1,"featured_media":14590,"comment_status":"open","ping_status":"open","sticky":false,"template":"","format":"standard","meta":{"fifu_image_url":"","fifu_image_alt":"","footnotes":""},"categories":[48],"tags":[],"class_list":["post-14589","post","type-post","status-publish","format-standard","has-post-thumbnail","hentry","category-mundo"],"distributor_meta":false,"distributor_terms":false,"distributor_media":false,"distributor_original_site_name":"Noticias em Destaque","distributor_original_site_url":"https:\/\/noticiasdestaque.com.br","push-errors":false,"_links":{"self":[{"href":"https:\/\/noticiasdestaque.com.br\/index.php\/wp-json\/wp\/v2\/posts\/14589","targetHints":{"allow":["GET"]}}],"collection":[{"href":"https:\/\/noticiasdestaque.com.br\/index.php\/wp-json\/wp\/v2\/posts"}],"about":[{"href":"https:\/\/noticiasdestaque.com.br\/index.php\/wp-json\/wp\/v2\/types\/post"}],"author":[{"embeddable":true,"href":"https:\/\/noticiasdestaque.com.br\/index.php\/wp-json\/wp\/v2\/users\/1"}],"replies":[{"embeddable":true,"href":"https:\/\/noticiasdestaque.com.br\/index.php\/wp-json\/wp\/v2\/comments?post=14589"}],"version-history":[{"count":0,"href":"https:\/\/noticiasdestaque.com.br\/index.php\/wp-json\/wp\/v2\/posts\/14589\/revisions"}],"wp:featuredmedia":[{"embeddable":true,"href":"https:\/\/noticiasdestaque.com.br\/index.php\/wp-json\/wp\/v2\/media\/14590"}],"wp:attachment":[{"href":"https:\/\/noticiasdestaque.com.br\/index.php\/wp-json\/wp\/v2\/media?parent=14589"}],"wp:term":[{"taxonomy":"category","embeddable":true,"href":"https:\/\/noticiasdestaque.com.br\/index.php\/wp-json\/wp\/v2\/categories?post=14589"},{"taxonomy":"post_tag","embeddable":true,"href":"https:\/\/noticiasdestaque.com.br\/index.php\/wp-json\/wp\/v2\/tags?post=14589"}],"curies":[{"name":"wp","href":"https:\/\/api.w.org\/{rel}","templated":true}]}}