{"id":14542,"date":"2024-07-18T15:00:00","date_gmt":"2024-07-18T18:00:00","guid":{"rendered":"https:\/\/noticiasdestaque.com.br\/index.php\/2024\/07\/18\/previsao-do-tempo-sexta-feira-19-tem-alerta-de-baixa-umidade-em-boa-parte-de-sao-paulo\/"},"modified":"2024-07-18T15:00:00","modified_gmt":"2024-07-18T18:00:00","slug":"previsao-do-tempo-sexta-feira-19-tem-alerta-de-baixa-umidade-em-boa-parte-de-sao-paulo","status":"publish","type":"post","link":"https:\/\/noticiasdestaque.com.br\/index.php\/2024\/07\/18\/previsao-do-tempo-sexta-feira-19-tem-alerta-de-baixa-umidade-em-boa-parte-de-sao-paulo\/","title":{"rendered":"PREVIS\u00c3O DO TEMPO: sexta-feira (19) tem alerta de baixa umidade em boa parte de S\u00e3o Paulo"},"content":{"rendered":"<p>\t\t\t\t\t\t\t\t\t\t<audio controls class=\"b61_audio_player\" data-noticia=\"73358\" src=\"https:\/\/brasil61.com\/rails\/active_storage\/blobs\/eyJfcmFpbHMiOnsibWVzc2FnZSI6IkJBaHBBOS9pQWc9PSIsImV4cCI6bnVsbCwicHVyIjoiYmxvYl9pZCJ9fQ==--3becba01fa9df702892af069f20e6201793543e4\/PTSD243667A\"><\/audio><\/p>\n<p>Nesta sexta-feira (19), o Instituto Nacional de Meteorologia (Inmet) alerta para perigo potencial de baixa umidade do ar nas microrregi\u00f5es de Presidente Prudente, S\u00e3o Jos\u00e9 do Rio Preto, Ara\u00e7atuba, Ribeir\u00e3o Preto, Mar\u00edlia, Araraquara, Piracicaba, Campinas, Bauru, Assis, al\u00e9m da Macrorregi\u00e3o Metropolitana Paulista e do Vale do Para\u00edba Paulista.<\/p>\n<p>Pela manh\u00e3, a previs\u00e3o \u00e9 de poucas nuvens em todo o estado, com n\u00e9voa \u00famida ou nevoeiro no Vale do Para\u00edba Paulista, Macrorregi\u00e3o Metropolitana Paulista, litoral sul e Microrregi\u00e3o de Itapetininga. \u00c0 tarde, o clima varia entre poucas e muitas nuvens, com presen\u00e7a de n\u00e9voa seca nas microrregi\u00f5es de S\u00e3o Jos\u00e9 do Rio Preto e Ara\u00e7atuba, Ribeir\u00e3o Preto.<\/p>\n<p>A temperatura m\u00ednima fica em torno de 8\u00b0C, em Apia\u00ed, e a m\u00e1xima prevista \u00e9 de 32\u00baC, em Fernand\u00f3polis. A umidade relativa do ar varia entre 40% e 95%.<\/p>\n<p>As informa\u00e7\u00f5es s\u00e3o do Instituto Nacional de Meteorologia.<\/p>\n<p>\t\t\t\t\t\t\t\t\t<img loading=\"lazy\" decoding=\"async\" src=\"https:\/\/brasil61.com\/api\/v1\/serve_pixel\/17677\/73358\" alt=\"Pixel Brasil 61\" class=\"b61_pixel\" width=\"0\" height=\"0\"><\/p>\n<input type=\"hidden\" id=\"baseurl\" value=\"https:\/\/noticiasdestaque.com.br\"><input type=\"hidden\" id=\"audio_nonce\" value=\"6a24ca502e\">","protected":false},"excerpt":{"rendered":"<p>A temperatura pode variar entre 8\u00baC e 32\u00baC<\/p>\n","protected":false},"author":1,"featured_media":14543,"comment_status":"open","ping_status":"open","sticky":false,"template":"","format":"standard","meta":{"fifu_image_url":"","fifu_image_alt":"","footnotes":""},"categories":[58],"tags":[],"class_list":["post-14542","post","type-post","status-publish","format-standard","has-post-thumbnail","hentry","category-cotidiano"],"distributor_meta":false,"distributor_terms":false,"distributor_media":false,"distributor_original_site_name":"Noticias em Destaque","distributor_original_site_url":"https:\/\/noticiasdestaque.com.br","push-errors":false,"_links":{"self":[{"href":"https:\/\/noticiasdestaque.com.br\/index.php\/wp-json\/wp\/v2\/posts\/14542","targetHints":{"allow":["GET"]}}],"collection":[{"href":"https:\/\/noticiasdestaque.com.br\/index.php\/wp-json\/wp\/v2\/posts"}],"about":[{"href":"https:\/\/noticiasdestaque.com.br\/index.php\/wp-json\/wp\/v2\/types\/post"}],"author":[{"embeddable":true,"href":"https:\/\/noticiasdestaque.com.br\/index.php\/wp-json\/wp\/v2\/users\/1"}],"replies":[{"embeddable":true,"href":"https:\/\/noticiasdestaque.com.br\/index.php\/wp-json\/wp\/v2\/comments?post=14542"}],"version-history":[{"count":0,"href":"https:\/\/noticiasdestaque.com.br\/index.php\/wp-json\/wp\/v2\/posts\/14542\/revisions"}],"wp:featuredmedia":[{"embeddable":true,"href":"https:\/\/noticiasdestaque.com.br\/index.php\/wp-json\/wp\/v2\/media\/14543"}],"wp:attachment":[{"href":"https:\/\/noticiasdestaque.com.br\/index.php\/wp-json\/wp\/v2\/media?parent=14542"}],"wp:term":[{"taxonomy":"category","embeddable":true,"href":"https:\/\/noticiasdestaque.com.br\/index.php\/wp-json\/wp\/v2\/categories?post=14542"},{"taxonomy":"post_tag","embeddable":true,"href":"https:\/\/noticiasdestaque.com.br\/index.php\/wp-json\/wp\/v2\/tags?post=14542"}],"curies":[{"name":"wp","href":"https:\/\/api.w.org\/{rel}","templated":true}]}}