{"id":14535,"date":"2024-07-18T15:04:00","date_gmt":"2024-07-18T18:04:00","guid":{"rendered":"https:\/\/noticiasdestaque.com.br\/index.php\/2024\/07\/18\/previsao-do-tempo-minas-gerais-tem-alerta-de-geada-e-baixa-umidade-nesta-sexta-feira-19\/"},"modified":"2024-07-18T15:04:00","modified_gmt":"2024-07-18T18:04:00","slug":"previsao-do-tempo-minas-gerais-tem-alerta-de-geada-e-baixa-umidade-nesta-sexta-feira-19","status":"publish","type":"post","link":"https:\/\/noticiasdestaque.com.br\/index.php\/2024\/07\/18\/previsao-do-tempo-minas-gerais-tem-alerta-de-geada-e-baixa-umidade-nesta-sexta-feira-19\/","title":{"rendered":"PREVIS\u00c3O DO TEMPO: Minas Gerais tem alerta de geada e baixa umidade nesta sexta-feira (19)"},"content":{"rendered":"<p>\t\t\t\t\t\t\t\t\t\t<audio controls class=\"b61_audio_player\" data-noticia=\"73360\" src=\"https:\/\/brasil61.com\/rails\/active_storage\/blobs\/eyJfcmFpbHMiOnsibWVzc2FnZSI6IkJBaHBBK0hpQWc9PSIsImV4cCI6bnVsbCwicHVyIjoiYmxvYl9pZCJ9fQ==--df9221994da56b7487e8c4a387d1749738a5d706\/PTSD243669A\"><\/audio><\/p>\n<p>Nesta sexta-feira (19), o Instituto Nacional de Meteorologia (Inmet) alerta para perigo potencial de geada no sul e sudoeste de Minas Gerais. Tamb\u00e9m h\u00e1 alerta de perigo potencial para baixa umidade do ar no oeste, norte, sul, sudeste e noroeste de Minas, al\u00e9m das regi\u00f5es do Tri\u00e2ngulo Mineiro\/Alto Parana\u00edba, Vale do Jequitinhonha e Central Mineira.<\/p>\n<p>O dia come\u00e7a com c\u00e9u claro pela manh\u00e3 no Tri\u00e2ngulo Mineiro e Noroeste de Minas; poucas nuvens no norte, sul, sudoeste, oeste, Vale das Vertentes e Regi\u00e3o Metropolitana de Belo Horizonte; e muitas nuvens com nevoeiro no Vale do Rio Doce, Zona da Mata e Vale do Mucuri. \u00c0 tarde e \u00e0 noite, a previs\u00e3o varia entre c\u00e9u claro e poucas nuvens.<\/p>\n<p>A temperatura m\u00ednima fica em torno de 5\u00b0C, em Maria da F\u00e9, e a m\u00e1xima prevista \u00e9 de 32\u00baC, em Uni\u00e3o de Minas. A umidade relativa do ar varia entre 30% e 80%.<\/p>\n<p>As informa\u00e7\u00f5es s\u00e3o do Instituto Nacional de Meteorologia.<\/p>\n<p>\t\t\t\t\t\t\t\t\t<img loading=\"lazy\" decoding=\"async\" src=\"https:\/\/brasil61.com\/api\/v1\/serve_pixel\/17677\/73360\" alt=\"Pixel Brasil 61\" class=\"b61_pixel\" width=\"0\" height=\"0\"><\/p>\n<input type=\"hidden\" id=\"baseurl\" value=\"https:\/\/noticiasdestaque.com.br\"><input type=\"hidden\" id=\"audio_nonce\" value=\"6a24ca502e\">","protected":false},"excerpt":{"rendered":"<p>A temperatura pode variar entre 5\u00baC e 32\u00baC<\/p>\n","protected":false},"author":1,"featured_media":14536,"comment_status":"open","ping_status":"open","sticky":false,"template":"","format":"standard","meta":{"fifu_image_url":"","fifu_image_alt":"","footnotes":""},"categories":[58],"tags":[],"class_list":["post-14535","post","type-post","status-publish","format-standard","has-post-thumbnail","hentry","category-cotidiano"],"distributor_meta":false,"distributor_terms":false,"distributor_media":false,"distributor_original_site_name":"Noticias em Destaque","distributor_original_site_url":"https:\/\/noticiasdestaque.com.br","push-errors":false,"_links":{"self":[{"href":"https:\/\/noticiasdestaque.com.br\/index.php\/wp-json\/wp\/v2\/posts\/14535","targetHints":{"allow":["GET"]}}],"collection":[{"href":"https:\/\/noticiasdestaque.com.br\/index.php\/wp-json\/wp\/v2\/posts"}],"about":[{"href":"https:\/\/noticiasdestaque.com.br\/index.php\/wp-json\/wp\/v2\/types\/post"}],"author":[{"embeddable":true,"href":"https:\/\/noticiasdestaque.com.br\/index.php\/wp-json\/wp\/v2\/users\/1"}],"replies":[{"embeddable":true,"href":"https:\/\/noticiasdestaque.com.br\/index.php\/wp-json\/wp\/v2\/comments?post=14535"}],"version-history":[{"count":0,"href":"https:\/\/noticiasdestaque.com.br\/index.php\/wp-json\/wp\/v2\/posts\/14535\/revisions"}],"wp:featuredmedia":[{"embeddable":true,"href":"https:\/\/noticiasdestaque.com.br\/index.php\/wp-json\/wp\/v2\/media\/14536"}],"wp:attachment":[{"href":"https:\/\/noticiasdestaque.com.br\/index.php\/wp-json\/wp\/v2\/media?parent=14535"}],"wp:term":[{"taxonomy":"category","embeddable":true,"href":"https:\/\/noticiasdestaque.com.br\/index.php\/wp-json\/wp\/v2\/categories?post=14535"},{"taxonomy":"post_tag","embeddable":true,"href":"https:\/\/noticiasdestaque.com.br\/index.php\/wp-json\/wp\/v2\/tags?post=14535"}],"curies":[{"name":"wp","href":"https:\/\/api.w.org\/{rel}","templated":true}]}}