{"id":14509,"date":"2024-07-18T18:17:00","date_gmt":"2024-07-18T21:17:00","guid":{"rendered":"https:\/\/noticiasdestaque.com.br\/index.php\/2024\/07\/18\/reforma-tributaria-deve-favorecer-nova-industrializacao\/"},"modified":"2024-07-18T18:17:00","modified_gmt":"2024-07-18T21:17:00","slug":"reforma-tributaria-deve-favorecer-nova-industrializacao","status":"publish","type":"post","link":"https:\/\/noticiasdestaque.com.br\/index.php\/2024\/07\/18\/reforma-tributaria-deve-favorecer-nova-industrializacao\/","title":{"rendered":"Reforma tribut\u00e1ria deve favorecer nova industrializa\u00e7\u00e3o"},"content":{"rendered":"<p>\t\t\t\t\t\t\t\t\t\t<audio controls class=\"b61_audio_player\" data-noticia=\"73386\" src=\"https:\/\/brasil61.com\/rails\/active_storage\/blobs\/eyJfcmFpbHMiOnsibWVzc2FnZSI6IkJBaHBBK3ZpQWc9PSIsImV4cCI6bnVsbCwicHVyIjoiYmxvYl9pZCJ9fQ==--98ac3915e5cef6bcc81981122a31c89572164b48\/PIND244538A\"><\/audio><\/p>\n<p style=\"text-align: justify\">A reforma tribut\u00e1ria \u00e9 apontada como importante para reverter o processo de desindustrializa\u00e7\u00e3o do pa\u00eds. Foi o que afirmou, nesta quinta-feira (18), o deputado federal Reginaldo Lopes (PT-MG), em semin\u00e1rio da Federa\u00e7\u00e3o das Ind\u00fastrias do Estado de Minas Gerais (FIEMG). O parlamentar foi um dos integrantes do Grupo de Trabalho sobre a Regulamenta\u00e7\u00e3o da Reforma Tribut\u00e1ria na C\u00e2mara.\u00a0<\/p>\n<p style=\"text-align: justify\">&#8220;Se eu pudesse dizer porque o Brasil desindustrializou, em parte \u2014 j\u00e1 teve 4% do PIB do mundo e tem 2,2% PIB \u2014 eu diria que foi o sistema tribut\u00e1rio. \u00c9 l\u00f3gico que tem o Custo Brasil, o custo de log\u00edstica, o custo de m\u00e3o-de-obra, mas eu colocaria a\u00ed, de 0 a 100, 20%; 80% mesmo \u2014 \u00a0que tirou de setores de cadeias produtivas mais longas \u2014 \u00a0fato \u00e9 o sistema tribut\u00e1rio\u201d, aponta.\u00a0<\/p>\n<p style=\"text-align: justify\">Lopes afirmou que o regime atual \u00e9 cumulativo, o que prejudica a ind\u00fastria e, em \u00faltima inst\u00e2ncia, a popula\u00e7\u00e3o. \u201cUm sistema que, mesmo quando tem cumulatividade parcial, o setor n\u00e3o recebe os cr\u00e9ditos, ent\u00e3o evidente que \u00e9 meio de \u2018faz de conta\u2019, o que gera muitas despesas para o setor produtivo, gera despesas de fluxo de caixa, gera despesas financeiras, que gera custo para o consumidor.&#8221;<\/p>\n<p style=\"text-align: justify\">O advogado especialista em direito tribut\u00e1rio Guilherme Di Ferreira concorda que a reforma favorece a industrializa\u00e7\u00e3o do pa\u00eds, com a redu\u00e7\u00e3o de impostos ao longo da cadeia industrial, que \u00e9 longa e, hoje, h\u00e1 pagamento de tributos em cada etapa.\u00a0<\/p>\n<p style=\"text-align: justify\">\u201cA reforma tribut\u00e1ria teve como principal beneficiado por ela a cadeia industrial. Ent\u00e3o, a pol\u00edtica industrial que o governo trouxe, ela veio alinhada com a ideia da reforma tribut\u00e1ria. O al\u00edvio de carga tribut\u00e1ria e o fim da tributa\u00e7\u00e3o em cascata. Ou seja, atrav\u00e9s do IVA dual, que \u00e9 o imposto sobre o valor agregado, busca-se ent\u00e3o uma redu\u00e7\u00e3o nos impostos que influenciam na industrializa\u00e7\u00e3o.\u201d\u00a0<\/p>\n<p style=\"text-align: justify\">O projeto da pol\u00edtica industrial entregue em janeiro deste ano pelo Conselho Nacional de Desenvolvimento Industrial (CNDI), a Nova Ind\u00fastria Brasil, destinou R$ 300 bilh\u00f5es para financiamento da neoindustrializa\u00e7\u00e3o at\u00e9 2026.<\/p>\n<p style=\"text-align: justify\">\n<strong>Pa\u00eds ganha com industrializa\u00e7\u00e3o<\/strong><\/p>\n<p style=\"text-align: justify\">\u00a0<\/p>\n<p style=\"text-align: justify\">O presidente do Conselho Tem\u00e1tico para Assuntos Tribut\u00e1rios e Fiscais da Confedera\u00e7\u00e3o Nacional da Ind\u00fastria (CNI), Armando Monteiro Neto, explica que os ganhos de competitividade para a ind\u00fastria t\u00eam repercuss\u00e3o positiva para todos os demais setores, ao movimentar a economia.\u00a0<\/p>\n<p style=\"text-align: justify\">\u201cGanha o pa\u00eds como um todo porque \u00e9 importante para a economia brasileira que a ind\u00fastria se fortale\u00e7a. Ent\u00e3o, n\u00e3o \u00e9 uma vis\u00e3o que pare\u00e7a que \u00e9 apenas para beneficiar um setor. Quando a ind\u00fastria cresce, toda a economia brasileira se beneficia. E como a ind\u00fastria \u00e9 o setor mais prejudicado com o sistema atual, porque ele tributa mais os bens industriais do que os outros setores, \u00e9 claro que vai haver um ganho para a ind\u00fastria de competitividade e com reflexos muito positivos para a economia brasileira no seu conjunto.&#8221;<\/p>\n<p style=\"text-align: justify\">De acordo com c\u00e1lculo da CNI, cada R$ 1 produzido pelo setor industrial movimenta outros R$ 2,43 na economia. Na compara\u00e7\u00e3o, a agricultura gera R$ 1,75 e os setores de com\u00e9rcio e servi\u00e7os, R$ 1,49.<\/p>\n<p style=\"text-align: justify\">O deputado federal Luiz Gast\u00e3o (PSD-CE), que tamb\u00e9m fez parte do grupo que trabalhou sobre a regulamenta\u00e7\u00e3o da reforma, concorda que os impactos para a ind\u00fastria s\u00e3o positivos para todos os setores.<\/p>\n<p style=\"text-align: justify\">\u201cMuda toda a rela\u00e7\u00e3o de consumo do pa\u00eds. Ent\u00e3o, isso vai propiciar n\u00e3o s\u00f3 o setor industrial, mas todo desenvolvimento tur\u00edstico, empresarial, comercial\u2026 A rela\u00e7\u00e3o de consumo do pa\u00eds vai mudar e vai fazer com que o produto possa chegar por um custo menor ao consumidor final e com uma competitividade mais justa entre as empresas. Al\u00e9m de poder fazer com que a rela\u00e7\u00e3o contribuinte\/fisco seja uma rela\u00e7\u00e3o mais est\u00e1vel e com seguran\u00e7a jur\u00eddica.\u201d<\/p>\n<p>\t\t\t\t\t\t\t\t\t<img loading=\"lazy\" decoding=\"async\" src=\"https:\/\/brasil61.com\/api\/v1\/serve_pixel\/17677\/73386\" alt=\"Pixel Brasil 61\" class=\"b61_pixel\" width=\"0\" height=\"0\"><\/p>\n<input type=\"hidden\" id=\"baseurl\" value=\"https:\/\/noticiasdestaque.com.br\"><input type=\"hidden\" id=\"audio_nonce\" value=\"6a24ca502e\">","protected":false},"excerpt":{"rendered":"<p>Com fim da cumulatividade, setor industrial deve ganhar f\u00f4lego, o que se alinha com a pol\u00edtica industrial do governo de incentivo \u00e0 neoindustrializa\u00e7\u00e3o<\/p>\n","protected":false},"author":1,"featured_media":14510,"comment_status":"open","ping_status":"open","sticky":false,"template":"","format":"standard","meta":{"fifu_image_url":"","fifu_image_alt":"","footnotes":""},"categories":[50],"tags":[],"class_list":["post-14509","post","type-post","status-publish","format-standard","has-post-thumbnail","hentry","category-politica"],"distributor_meta":false,"distributor_terms":false,"distributor_media":false,"distributor_original_site_name":"Noticias em Destaque","distributor_original_site_url":"https:\/\/noticiasdestaque.com.br","push-errors":false,"_links":{"self":[{"href":"https:\/\/noticiasdestaque.com.br\/index.php\/wp-json\/wp\/v2\/posts\/14509","targetHints":{"allow":["GET"]}}],"collection":[{"href":"https:\/\/noticiasdestaque.com.br\/index.php\/wp-json\/wp\/v2\/posts"}],"about":[{"href":"https:\/\/noticiasdestaque.com.br\/index.php\/wp-json\/wp\/v2\/types\/post"}],"author":[{"embeddable":true,"href":"https:\/\/noticiasdestaque.com.br\/index.php\/wp-json\/wp\/v2\/users\/1"}],"replies":[{"embeddable":true,"href":"https:\/\/noticiasdestaque.com.br\/index.php\/wp-json\/wp\/v2\/comments?post=14509"}],"version-history":[{"count":0,"href":"https:\/\/noticiasdestaque.com.br\/index.php\/wp-json\/wp\/v2\/posts\/14509\/revisions"}],"wp:featuredmedia":[{"embeddable":true,"href":"https:\/\/noticiasdestaque.com.br\/index.php\/wp-json\/wp\/v2\/media\/14510"}],"wp:attachment":[{"href":"https:\/\/noticiasdestaque.com.br\/index.php\/wp-json\/wp\/v2\/media?parent=14509"}],"wp:term":[{"taxonomy":"category","embeddable":true,"href":"https:\/\/noticiasdestaque.com.br\/index.php\/wp-json\/wp\/v2\/categories?post=14509"},{"taxonomy":"post_tag","embeddable":true,"href":"https:\/\/noticiasdestaque.com.br\/index.php\/wp-json\/wp\/v2\/tags?post=14509"}],"curies":[{"name":"wp","href":"https:\/\/api.w.org\/{rel}","templated":true}]}}