{"id":14507,"date":"2024-07-18T19:00:00","date_gmt":"2024-07-18T22:00:00","guid":{"rendered":"https:\/\/noticiasdestaque.com.br\/index.php\/2024\/07\/18\/stf-prorroga-suspensao-do-processo-sobre-a-desoneracao-da-folha-ate-setembro\/"},"modified":"2024-07-18T19:00:00","modified_gmt":"2024-07-18T22:00:00","slug":"stf-prorroga-suspensao-do-processo-sobre-a-desoneracao-da-folha-ate-setembro","status":"publish","type":"post","link":"https:\/\/noticiasdestaque.com.br\/index.php\/2024\/07\/18\/stf-prorroga-suspensao-do-processo-sobre-a-desoneracao-da-folha-ate-setembro\/","title":{"rendered":"STF prorroga suspens\u00e3o do processo sobre a desonera\u00e7\u00e3o da folha at\u00e9 setembro"},"content":{"rendered":"<p>\t\t\t\t\t\t\t\t\t\t<audio controls class=\"b61_audio_player\" data-noticia=\"73294\" src=\"https:\/\/brasil61.com\/rails\/active_storage\/blobs\/eyJfcmFpbHMiOnsibWVzc2FnZSI6IkJBaHBBOXJoQWc9PSIsImV4cCI6bnVsbCwicHVyIjoiYmxvYl9pZCJ9fQ==--bd3019102f2ed6425ac767937a0bc78a79f0be9f\/BRAS2412138A\"><\/audio><\/p>\n<p>O ministro Edson Fachin, do Supremo Tribunal Federal (STF), prorrogou at\u00e9 11 de setembro a suspens\u00e3o do processo que trata da desonera\u00e7\u00e3o de impostos sobre a folha de pagamento de 17 setores da economia e de determinados munic\u00edpios at\u00e9 2027. O pedido de prorroga\u00e7\u00e3o foi feito nesta ter\u00e7a-feira (16) pelo Senado Federal e pela Advocacia-Geral da Uni\u00e3o (AGU), que buscam utilizar o prazo para concluir as negocia\u00e7\u00f5es entre o governo federal e parlamentares sobre a compensa\u00e7\u00e3o financeira da Uni\u00e3o com o fim da desonera\u00e7\u00e3o.<\/p>\n<p>Benito Salom\u00e3o, professor do Instituto de Economia e Rela\u00e7\u00f5es Internacionais da Universidade Federal de Uberl\u00e2ndia explica sobre essa prorroga\u00e7\u00e3o.<\/p>\n<p>\u201cAgora, o governo precisa cumprir metas fiscais, precisa resolver um problema fiscal que j\u00e1 se arrasta h\u00e1 bastante tempo e ele est\u00e1 tentando remunerar esses setores. Por\u00e9m, o parlamento \u00e9 sens\u00edvel \u00e0s demandas da sociedade e dentro da sociedade esses setores que v\u00e3o ser remunerados e essa discuss\u00e3o ainda est\u00e1 sendo feita. Essa discuss\u00e3o ainda est\u00e1 sendo feita de forma que n\u00f3s ainda precisamos ver se esses setores v\u00e3o ser remunerados integralmente, ou se eles n\u00e3o ser\u00e3o remunerados&#8221;, explica.<\/p>\n<p>A desonera\u00e7\u00e3o da folha de pagamento foi suspensa inicialmente em abril deste ano. Na ocasi\u00e3o, o ministro Cristiano Zanin concedeu liminar alegando a falta de clareza sobre o impacto financeiro nas contas p\u00fablicas. Em maio, a AGU pediu uma suspens\u00e3o de 60 dias, o que foi acatado para possibilitar negocia\u00e7\u00f5es sobre uma compensa\u00e7\u00e3o.<\/p>\n<p><span style=\"font-size:14px\"><strong>Impacto para as Empresas<\/strong><\/span><\/p>\n<p>Para o economista Benito Salom\u00e3o, a suspens\u00e3o prolongada da desonera\u00e7\u00e3o trouxe cr\u00edticas.<\/p>\n<p>\u201cEssa \u00e9 a cr\u00edtica que se faz a essa desonera\u00e7\u00e3o, quando ela foi dada l\u00e1 atr\u00e1s, o que se falou, n\u00e9, e alguns estudos mostraram isso, \u00e9 que essa desonera\u00e7\u00e3o, ela foi ineficaz para gerar emprego, para manter empregos, que ela n\u00e3o produziu novos investimentos&#8221;, pontua.<\/p>\n<p>O adiamento da vota\u00e7\u00e3o da proposta sobre a compensa\u00e7\u00e3o das perdas, anunciado pelo presidente do Senado, Rodrigo Pacheco, refor\u00e7a a necessidade de mais tempo para um consenso. O foco das negocia\u00e7\u00f5es est\u00e1 em encontrar uma f\u00f3rmula que atenda \u00e0s demandas dos setores beneficiados pela desonera\u00e7\u00e3o sem comprometer a sustentabilidade fiscal do pa\u00eds.<br \/>\n\u00a0<\/p>\n<p>\t\t\t\t\t\t\t\t\t<img loading=\"lazy\" decoding=\"async\" src=\"https:\/\/brasil61.com\/api\/v1\/serve_pixel\/17677\/73294\" alt=\"Pixel Brasil 61\" class=\"b61_pixel\" width=\"0\" height=\"0\"><\/p>\n<input type=\"hidden\" id=\"baseurl\" value=\"https:\/\/noticiasdestaque.com.br\"><input type=\"hidden\" id=\"audio_nonce\" value=\"6a24ca502e\">","protected":false},"excerpt":{"rendered":"<p>Decis\u00e3o visa proporcionar tempo adicional para negocia\u00e7\u00f5es entre governo e Congresso<\/p>\n","protected":false},"author":1,"featured_media":14508,"comment_status":"open","ping_status":"open","sticky":false,"template":"","format":"standard","meta":{"fifu_image_url":"","fifu_image_alt":"","footnotes":""},"categories":[48],"tags":[],"class_list":["post-14507","post","type-post","status-publish","format-standard","has-post-thumbnail","hentry","category-mundo"],"distributor_meta":false,"distributor_terms":false,"distributor_media":false,"distributor_original_site_name":"Noticias em Destaque","distributor_original_site_url":"https:\/\/noticiasdestaque.com.br","push-errors":false,"_links":{"self":[{"href":"https:\/\/noticiasdestaque.com.br\/index.php\/wp-json\/wp\/v2\/posts\/14507","targetHints":{"allow":["GET"]}}],"collection":[{"href":"https:\/\/noticiasdestaque.com.br\/index.php\/wp-json\/wp\/v2\/posts"}],"about":[{"href":"https:\/\/noticiasdestaque.com.br\/index.php\/wp-json\/wp\/v2\/types\/post"}],"author":[{"embeddable":true,"href":"https:\/\/noticiasdestaque.com.br\/index.php\/wp-json\/wp\/v2\/users\/1"}],"replies":[{"embeddable":true,"href":"https:\/\/noticiasdestaque.com.br\/index.php\/wp-json\/wp\/v2\/comments?post=14507"}],"version-history":[{"count":0,"href":"https:\/\/noticiasdestaque.com.br\/index.php\/wp-json\/wp\/v2\/posts\/14507\/revisions"}],"wp:featuredmedia":[{"embeddable":true,"href":"https:\/\/noticiasdestaque.com.br\/index.php\/wp-json\/wp\/v2\/media\/14508"}],"wp:attachment":[{"href":"https:\/\/noticiasdestaque.com.br\/index.php\/wp-json\/wp\/v2\/media?parent=14507"}],"wp:term":[{"taxonomy":"category","embeddable":true,"href":"https:\/\/noticiasdestaque.com.br\/index.php\/wp-json\/wp\/v2\/categories?post=14507"},{"taxonomy":"post_tag","embeddable":true,"href":"https:\/\/noticiasdestaque.com.br\/index.php\/wp-json\/wp\/v2\/tags?post=14507"}],"curies":[{"name":"wp","href":"https:\/\/api.w.org\/{rel}","templated":true}]}}