{"id":14501,"date":"2024-07-18T16:07:11","date_gmt":"2024-07-18T19:07:11","guid":{"rendered":"https:\/\/noticiasdestaque.com.br\/index.php\/2024\/07\/18\/exposicao-expressao-no-solar-de-botafogo\/"},"modified":"2024-07-18T16:07:11","modified_gmt":"2024-07-18T19:07:11","slug":"exposicao-expressao-no-solar-de-botafogo","status":"publish","type":"post","link":"https:\/\/noticiasdestaque.com.br\/index.php\/2024\/07\/18\/exposicao-expressao-no-solar-de-botafogo\/","title":{"rendered":"Exposi\u00e7\u00e3o Express\u00e3o no Solar de Botafogo"},"content":{"rendered":"\n<p>A mostra foi concebida como um mergulho na diversidade da criatividade humana, uma celebra\u00e7\u00e3o a esta capacidade \u00fanica de refletir e se expressar. As obras apresentadas expressam pensamentos individuais, por\u00e9m, n\u00e3o apenas. Elas tamb\u00e9m questionam normas coletivas, assim servindo como um espelho cr\u00edtico, refletindo as tens\u00f5es e as aspira\u00e7\u00f5es de nosso tempo. S\u00e3o 25 trabalhos em pintura, desenho, calcogravura e colagem, cada um oferecendo uma perspectiva singular sobre a condi\u00e7\u00e3o humana. Os artistas selecionados exploram temas como: autoimagem, cr\u00edtica social e racial, direito das mulheres, mem\u00f3ria afetiva, experimenta\u00e7\u00e3o est\u00e9tica e universo interno.<\/p>\n\n\n<div class=\"wp-block-image\">\n<figure class=\"aligncenter size-full\"><img decoding=\"async\" src=\"https:\/\/celebs.com.br\/wp-content\/uploads\/2024\/07\/samuelgracas.jpg\" alt=\"\" class=\"wp-image-54255\"\/><figcaption class=\"wp-element-caption\">Curador Samuel Gra\u00e7as <\/figcaption><\/figure>\n<\/div>\n\n\n<p>\u201cExpress\u00e3o\u201d traz onze artistas advindos dos quatro cantos do pa\u00eds, assim rompendo com a monofonia do eixo Rio-S\u00e3o Paulo. A diversidade de sotaques e narrativas destaca a pluralidade da produ\u00e7\u00e3o art\u00edstica contempor\u00e2nea brasileira. Apresentando os nomes de Farley Cantidio, Fernanda Lis, Isabella Leme Villalpando, J\u00falio Xavier, Lua Clara, Luciano Silveira Lemes, Marcos Serrador, Michael Silva, Renata Ludwig, Simone Fionari Momente e Val\u00e9ria Mendes, a exposi\u00e7\u00e3o busca mostrar como cada expositor se apropria da arte, fazendo dela um canal distinto para a express\u00e3o criativa.<\/p>\n\n\n\n<p>O convite ao visitante \u00e9 para ir galgando os degraus do belo Solar de Botafogo com o olhar atento e cora\u00e7\u00e3o aberto, permitindo que os trabalhos revelem suas hist\u00f3rias e emo\u00e7\u00f5es. Que esta mostra inspire significativas reflex\u00f5es sobre a capacidade do ser humano de criar e se comunicar, a fim de testemunhar o poder expressivo da cria\u00e7\u00e3o art\u00edstica.<\/p>\n\n\n\n<h2 class=\"wp-block-heading\"><strong>Servi\u00e7o:<\/strong><\/h2>\n\n\n\n<ul class=\"wp-block-list\">\n<li><strong>Exposi\u00e7\u00e3o:<\/strong>&nbsp;Express\u00e3o<\/li>\n\n\n\n<li><strong>Local:<\/strong>&nbsp;Solar de Botafogo<\/li>\n\n\n\n<li><strong>Endere\u00e7o:<\/strong>&nbsp;Rua General Polidoro, 180 \u2013 Botafogo\/ Rio de Janeiro<\/li>\n\n\n\n<li><strong>Abertura:<\/strong>&nbsp;20 de julho, das 17h \u00e0s 20h30<\/li>\n\n\n\n<li><strong>Data:<\/strong>&nbsp;20 a 29 de julho<\/li>\n\n\n\n<li><strong>Visita\u00e7\u00e3o:<\/strong>&nbsp;Das 13h \u00e0s 18h, com exce\u00e7\u00e3o de s\u00e1bado, 27 de julho, quando a visita\u00e7\u00e3o ser\u00e1 das 15h \u00e0s 20h<\/li>\n\n\n\n<li><strong>Redes sociais:<\/strong><\/li>\n<\/ul>\n\n\n\n<p>\u00cdcone Assessoria Art\u00edstica: <a href=\"http:\/\/instagram.com\/icone.assessoria\" data-type=\"link\" data-id=\"instagram.com\/icone.assessoria\">@icone.assessoria<\/a><\/p>\n\n\n\n<p>Solar de Botafogo: <a href=\"http:\/\/instagram.com\/solardebotafogo\" data-type=\"link\" data-id=\"instagram.com\/solardebotafogo\">@solardebotafogo<\/a><\/p>\n\n\n\n<figure class=\"wp-block-image size-full\"><img decoding=\"async\" src=\"https:\/\/celebs.com.br\/wp-content\/uploads\/2024\/07\/Danca-da-impunidade.Tinta-acrilica-sobre-tela.50x70-\u2013-2022MichaelSilva.png\" alt=\"\" class=\"wp-image-54253\"\/><figcaption class=\"wp-element-caption\"><em>Michael Silva<\/em><br><em>Dan\u00e7a da impunidade.<br>Tinta acr\u00edlica sobre tela.<br>50x70cm \u2013 2022<\/em><br><br><em>Fonte: Vladimir Jearim<\/em><\/figcaption><\/figure>\n<input type=\"hidden\" id=\"baseurl\" value=\"https:\/\/noticiasdestaque.com.br\"><input type=\"hidden\" id=\"audio_nonce\" value=\"6a24ca502e\">","protected":false},"excerpt":{"rendered":"<p>A mostra foi concebida como um mergulho na diversidade da criatividade humana, uma celebra\u00e7\u00e3o a esta capacidade \u00fanica de refletir e se expressar. As obras apresentadas expressam pensamentos individuais, por\u00e9m, n\u00e3o apenas. Elas tamb\u00e9m questionam normas coletivas, assim servindo como um espelho cr\u00edtico, refletindo as tens\u00f5es e as aspira\u00e7\u00f5es de nosso tempo. S\u00e3o 25 trabalhos [&hellip;]<\/p>\n","protected":false},"author":1,"featured_media":14502,"comment_status":"open","ping_status":"open","sticky":false,"template":"","format":"standard","meta":{"fifu_image_url":"","fifu_image_alt":"","footnotes":""},"categories":[52],"tags":[],"class_list":["post-14501","post","type-post","status-publish","format-standard","has-post-thumbnail","hentry","category-entretenimento"],"distributor_meta":false,"distributor_terms":false,"distributor_media":false,"distributor_original_site_name":"Portal de Recupera\u00e7\u00e3o","distributor_original_site_url":"https:\/\/portalderecuperacao.com","push-errors":false,"_links":{"self":[{"href":"https:\/\/noticiasdestaque.com.br\/index.php\/wp-json\/wp\/v2\/posts\/14501","targetHints":{"allow":["GET"]}}],"collection":[{"href":"https:\/\/noticiasdestaque.com.br\/index.php\/wp-json\/wp\/v2\/posts"}],"about":[{"href":"https:\/\/noticiasdestaque.com.br\/index.php\/wp-json\/wp\/v2\/types\/post"}],"author":[{"embeddable":true,"href":"https:\/\/noticiasdestaque.com.br\/index.php\/wp-json\/wp\/v2\/users\/1"}],"replies":[{"embeddable":true,"href":"https:\/\/noticiasdestaque.com.br\/index.php\/wp-json\/wp\/v2\/comments?post=14501"}],"version-history":[{"count":0,"href":"https:\/\/noticiasdestaque.com.br\/index.php\/wp-json\/wp\/v2\/posts\/14501\/revisions"}],"wp:featuredmedia":[{"embeddable":true,"href":"https:\/\/noticiasdestaque.com.br\/index.php\/wp-json\/wp\/v2\/media\/14502"}],"wp:attachment":[{"href":"https:\/\/noticiasdestaque.com.br\/index.php\/wp-json\/wp\/v2\/media?parent=14501"}],"wp:term":[{"taxonomy":"category","embeddable":true,"href":"https:\/\/noticiasdestaque.com.br\/index.php\/wp-json\/wp\/v2\/categories?post=14501"},{"taxonomy":"post_tag","embeddable":true,"href":"https:\/\/noticiasdestaque.com.br\/index.php\/wp-json\/wp\/v2\/tags?post=14501"}],"curies":[{"name":"wp","href":"https:\/\/api.w.org\/{rel}","templated":true}]}}