{"id":14445,"date":"2024-07-17T18:00:00","date_gmt":"2024-07-17T21:00:00","guid":{"rendered":"https:\/\/noticiasdestaque.com.br\/index.php\/2024\/07\/17\/previsao-do-tempo-nesta-quinta-feira-18-ha-previsao-de-nevoeiro-em-grande-parte-de-santa-catarina\/"},"modified":"2024-07-17T18:00:00","modified_gmt":"2024-07-17T21:00:00","slug":"previsao-do-tempo-nesta-quinta-feira-18-ha-previsao-de-nevoeiro-em-grande-parte-de-santa-catarina","status":"publish","type":"post","link":"https:\/\/noticiasdestaque.com.br\/index.php\/2024\/07\/17\/previsao-do-tempo-nesta-quinta-feira-18-ha-previsao-de-nevoeiro-em-grande-parte-de-santa-catarina\/","title":{"rendered":"PREVIS\u00c3O DO TEMPO: nesta quinta-feira (18) h\u00e1 previs\u00e3o de nevoeiro em grande parte de Santa Catarina"},"content":{"rendered":"<p>\t\t\t\t\t\t\t\t\t\t<audio controls class=\"b61_audio_player\" data-noticia=\"73289\" src=\"https:\/\/brasil61.com\/rails\/active_storage\/blobs\/eyJfcmFpbHMiOnsibWVzc2FnZSI6IkJBaHBBMTdoQWc9PSIsImV4cCI6bnVsbCwicHVyIjoiYmxvYl9pZCJ9fQ==--63e373fa9f207461a04b46ea67739379ecca1baa\/PTRS243577A\"><\/audio><\/p>\n<p>Nesta quinta-feira (18), o dia come\u00e7a com tempo encoberto e nevoeiro em quase todo o estado de\u00a0Santa Catarina. Poucas nuvens apenas nas microrregi\u00f5es de S\u00e3o Miguel do Oeste, Chapec\u00f3 e Conc\u00f3rdia.<\/p>\n<p>Durante a tarde, muitas nuvens apenas no sul e norte catarinense, Grande Florian\u00f3polis e Vale do Itaja\u00ed.<\/p>\n<p>\u00c0 noite, tempo encoberto apenas nas microrregi\u00f5es de Joinville, Blumenau, Itaja\u00ed, Tijucas, Florian\u00f3polis e Tubar\u00e3o.\u00a0<\/p>\n<p>A temperatura m\u00ednima fica em torno de 4\u00b0C, em S\u00e3o Joaquim, e a m\u00e1xima prevista \u00e9 de 22\u00baC, em Descanso. A umidade relativa do ar varia entre 60% e 90%.<\/p>\n<p>As informa\u00e7\u00f5es s\u00e3o do Instituto Nacional de Meteorologia.<\/p>\n<p>\t\t\t\t\t\t\t\t\t<img loading=\"lazy\" decoding=\"async\" src=\"https:\/\/brasil61.com\/api\/v1\/serve_pixel\/17677\/73289\" alt=\"Pixel Brasil 61\" class=\"b61_pixel\" width=\"0\" height=\"0\"><\/p>\n<input type=\"hidden\" id=\"baseurl\" value=\"https:\/\/noticiasdestaque.com.br\"><input type=\"hidden\" id=\"audio_nonce\" value=\"6a24ca502e\">","protected":false},"excerpt":{"rendered":"<p>A temperatura pode variar entre 4\u00baC e 22\u00baC<\/p>\n","protected":false},"author":1,"featured_media":14446,"comment_status":"open","ping_status":"open","sticky":false,"template":"","format":"standard","meta":{"fifu_image_url":"","fifu_image_alt":"","footnotes":""},"categories":[58],"tags":[],"class_list":["post-14445","post","type-post","status-publish","format-standard","has-post-thumbnail","hentry","category-cotidiano"],"distributor_meta":false,"distributor_terms":false,"distributor_media":false,"distributor_original_site_name":"Noticias em Destaque","distributor_original_site_url":"https:\/\/noticiasdestaque.com.br","push-errors":false,"_links":{"self":[{"href":"https:\/\/noticiasdestaque.com.br\/index.php\/wp-json\/wp\/v2\/posts\/14445","targetHints":{"allow":["GET"]}}],"collection":[{"href":"https:\/\/noticiasdestaque.com.br\/index.php\/wp-json\/wp\/v2\/posts"}],"about":[{"href":"https:\/\/noticiasdestaque.com.br\/index.php\/wp-json\/wp\/v2\/types\/post"}],"author":[{"embeddable":true,"href":"https:\/\/noticiasdestaque.com.br\/index.php\/wp-json\/wp\/v2\/users\/1"}],"replies":[{"embeddable":true,"href":"https:\/\/noticiasdestaque.com.br\/index.php\/wp-json\/wp\/v2\/comments?post=14445"}],"version-history":[{"count":0,"href":"https:\/\/noticiasdestaque.com.br\/index.php\/wp-json\/wp\/v2\/posts\/14445\/revisions"}],"wp:featuredmedia":[{"embeddable":true,"href":"https:\/\/noticiasdestaque.com.br\/index.php\/wp-json\/wp\/v2\/media\/14446"}],"wp:attachment":[{"href":"https:\/\/noticiasdestaque.com.br\/index.php\/wp-json\/wp\/v2\/media?parent=14445"}],"wp:term":[{"taxonomy":"category","embeddable":true,"href":"https:\/\/noticiasdestaque.com.br\/index.php\/wp-json\/wp\/v2\/categories?post=14445"},{"taxonomy":"post_tag","embeddable":true,"href":"https:\/\/noticiasdestaque.com.br\/index.php\/wp-json\/wp\/v2\/tags?post=14445"}],"curies":[{"name":"wp","href":"https:\/\/api.w.org\/{rel}","templated":true}]}}