{"id":14435,"date":"2024-07-16T16:35:47","date_gmt":"2024-07-16T19:35:47","guid":{"rendered":"https:\/\/noticiasdestaque.com.br\/index.php\/2024\/07\/16\/coletivo-teatral-da-baixada-fluminense-celebra-27-anos-de-trajetoria-na-estrada\/"},"modified":"2024-07-16T16:35:47","modified_gmt":"2024-07-16T19:35:47","slug":"coletivo-teatral-da-baixada-fluminense-celebra-27-anos-de-trajetoria-na-estrada","status":"publish","type":"post","link":"https:\/\/noticiasdestaque.com.br\/index.php\/2024\/07\/16\/coletivo-teatral-da-baixada-fluminense-celebra-27-anos-de-trajetoria-na-estrada\/","title":{"rendered":"Coletivo teatral da baixada fluminense celebra 27 anos de trajet\u00f3ria na estrada\u00a0"},"content":{"rendered":"\n<p>Em 2024 a&nbsp;<strong>Cia de Arte Popular<\/strong>&nbsp;celebra 27 anos de trajet\u00f3ria art\u00edstica com uma circula\u00e7\u00e3o de 09 apresenta\u00e7\u00f5es do premiado espet\u00e1culo infantojuvenil \u201c<strong>O Brincado Romance de Flora e Valentin<\/strong>&#8220;. A montagem foi contemplada no Edital de Cultura Sesc RJ Pulsar 2023\/24. O circuito come\u00e7a no dia 04 de agosto (domingo), \u00e0s 16h, no Sesc S\u00e3o Jo\u00e3o de Meriti, localizado na Av. Autom\u00f3vel Clube, 66,&nbsp; S\u00e3o Jo\u00e3o de Meriti \u2013 RJ.&nbsp;<\/p>\n\n\n\n<p>O espet\u00e1culo far\u00e1 mais 08 apresenta\u00e7\u00f5es em unidades do Sesc RJ, percorrendo&nbsp; munic\u00edpios localizados na baixada fluminense, na cidade do Rio de Janeiro e no interior do estado, como&nbsp; Campos, Valen\u00e7a, S\u00e3o Gon\u00e7alo, Teres\u00f3polis, e Barra Mansa.&nbsp;&nbsp;<\/p>\n\n\n\n<p>Fundada em 1997 na cidade de Duque de Caxias, Baixada Fluminense (RJ), o coletivo \u00e9 uma das&nbsp; companhias mais long\u00ednquas em atividade na regi\u00e3o e refer\u00eancia para os artistas do territ\u00f3rio. Tendo participado de Festivais nos Estados do Rio de Janeiro, S\u00e3o Paulo, Mato Grosso do Sul e Esp\u00edrito Santo, pelos quais recebeu diversos pr\u00eamios. No Rio de Janeiro, passou por importantes espa\u00e7os como Teatro Gl\u00e1ucio Gil, Teatro Villa Lobos, Glauce Rocha, Galp\u00e3o Gamboa, unidades do Sesc na Regi\u00e3o Serrana e Baixada Fluminense. Foi contemplada com o Pr\u00eamio Culturas Populares &#8211; Edi\u00e7\u00e3o Selma do Coco (Minc &#8211; 2018), pela pesquisa das express\u00f5es da cultura popular brasileira em seu fazer teatral. Foi contemplada&nbsp; tamb\u00e9m, pelo Edital Novos Talentos do Teatro da Firjan \u2013 SESI 2018, Sesc \u2013 Mostra Regionais \u2013 2018,&nbsp; Edital 001\/2020 Montagem Teatral \u2013 FUNARJ, Edital de Cultura Sesc RJ Pulsar 2023\/2024. A companhia integra a Rede Baixada em Cena, vencedora do Pr\u00eamio Shell 2017 na categoria inova\u00e7\u00e3o.&nbsp;<\/p>\n\n\n\n<p>\u201c<em><strong>Estamos em festa! Os editais, foram de grande import\u00e2ncia na montagem desse espet\u00e1culo. O&nbsp; texto foi escrito em 2011 e nos anos seguintes, aconteceram algumas tentativas de lev\u00e1-lo ao palco,&nbsp; mas s\u00f3 em 2020, com Edital 001\/2020 Montagem Teatral \u2013 FUNARJ, foi poss\u00edvel. E agora, gra\u00e7as ao&nbsp; Edital de Cultura Sesc RJ Pulsar 2023\/2024, faremos essa circula\u00e7\u00e3o, que \u00e9 t\u00e3o especial para n\u00f3s, comemorando os 27 anos da Cia. de Arte Popula<\/strong><\/em>r\u201d, diz Ces\u00e1rio Candh\u00ed \u2013 Dramaturgo e Ator do&nbsp; Espet\u00e1culo.&nbsp;<\/p>\n\n\n\n<p>Com dire\u00e7\u00e3o de Marcos Covask, dramaturgia de Ces\u00e1rio Candh\u00ed e dire\u00e7\u00e3o musical e trilha sonora original de Beto Gaspari, \u201cO BRINCADO ROMANCE DE FLORA E VALENTIN\u201d \u00e9 uma aventura infanto-juvenil&nbsp; l\u00fadica musical, que emerge em hist\u00f3rias e lendas em torno do Rio S\u00e3o Francisco, atrav\u00e9s das andan\u00e7as aventureiras de dois jovens.&nbsp;<\/p>\n\n\n\n<p>Preservando a forte influ\u00eancia da oralidade presente nas culturas africanas, cujas hist\u00f3rias e tradi\u00e7\u00f5es s\u00e3o perpetuadas pelos GRIOTS, os s\u00e1bios e respeitados contadores de hist\u00f3ria,&nbsp; uma Griot, conta o brincado romance de Flora e Valentin. Uma brincadeira. Um mal s\u00fabito. E o cora\u00e7\u00e3o da menina Flora \u00e9 levado feito folha rio abaixo. O menino Valentin parte em miss\u00e3o beirando as \u00e1guas do&nbsp; Rio S\u00e3o Francisco, o Velho Chico, para resgatar o cora\u00e7\u00e3o de sua amada. O heroi cavaleiro errante&nbsp; enfrentar\u00e1 desafios, decifrar\u00e1 enigmas e descobrir\u00e1 que o amor tudo faz florescer.&nbsp;<\/p>\n\n\n\n<p>O espet\u00e1culo foi contemplado no edital Pr\u00eamio FUNARJ de Montagem Teatral 2020, com temporadas no&nbsp; Teatro Gl\u00e1ucio Gil e no Teatro Armando Gonzaga, al\u00e9m de apresenta\u00e7\u00f5es no Teatro Firjan Sesi Caxias.&nbsp; Participou do 44\u00b0 Festival Estadual da FETAERJ\u2013Pr\u00eamio Paschoalino\/2023, recebendo os Pr\u00eamios de&nbsp; Melhor Ator Coadjuvante, Melhor Trilha Sonora e Melhor Cen\u00e1rio. Esteve como espet\u00e1culo convidado, no&nbsp; encerramento do 23\u00ba Feta-Festival de Teatro de Sapucaia- RJ\/outubro 2023. E fez parte da programa\u00e7\u00e3o&nbsp; do 17\u00b0 Festival Nacional de Teatro de Duque de Caxias \u2013 RJ\/Dezembro 2023, tendo levado os Pr\u00eamios de&nbsp; Melhor Ator e Melhor Cenografia.&nbsp;&nbsp;<\/p>\n\n\n\n<p>\u201c<em><strong>N\u00f3s da Baixada Fluminense temos visto a amplia\u00e7\u00e3o, ainda iniciante, de pol\u00edticas inclusivas nos&nbsp; entes p\u00fablicos e privados e tecemos um destaque ao sistema &#8216;S&#8217; (Sesc e Sesi), que tem, em seus editais inclu\u00eddo crit\u00e9rios de regionaliza\u00e7\u00e3o, contemplando as periferias e cidades do interior e&nbsp; aberto seus equipamentos culturais \u00e0s produ\u00e7\u00f5es e, por que n\u00e3o dizer, se esfor\u00e7ado na divulga\u00e7\u00e3o,&nbsp; no acesso e na recep\u00e7\u00e3o da popula\u00e7\u00e3o de nosso querido e rico territ\u00f3rio. Com Mostras e Editais regionalizados este papel inclusivo tem se cumprido e tem potencializado a cria\u00e7\u00e3o, a forma\u00e7\u00e3o, a circula\u00e7\u00e3o e a manuten\u00e7\u00e3o de artistas e coletivos culturais na Baixada Fluminense. Fica aqui mais uma proposta: que as Mostras e Circula\u00e7\u00f5es se ampliem e se desloquem de suas regi\u00f5es, de seus&nbsp; estados, para outros, fortalecendo as trocas, o interc\u00e2mbio<\/strong><\/em>\u201d, afirma Beto Gaspari \u2013 Diretor Musical&nbsp; do espet\u00e1culo.&nbsp;<\/p>\n\n\n\n<p>No elenco Beto Gaspari, Ces\u00e1rio Candh\u00ed, Eve Penha, Francisco Farnum, Nancy Calixto e Pedro Lages d\u00e3o vida aos mais de 10 personagens de uma encena\u00e7\u00e3o carregada de inventividade e poesia. O projeto \u00e9 uma&nbsp; parceria entre o produtor cultural Marcos Covask, a produtora CVK Ateli\u00ea C\u00eanico Produ\u00e7\u00f5es Art\u00edsticas e a&nbsp; Cia de Arte Popular.&nbsp;<\/p>\n\n\n\n<p><strong>SERVI\u00c7O<\/strong>:&nbsp;<\/p>\n\n\n\n<p><strong>CRONOGRAMA DAS APRESENTA\u00c7\u00d5ES DO EDITAL DE CULTURA SESC RJ PULSAR:&nbsp;&nbsp;<\/strong><\/p>\n\n\n\n<p>04\/08\/2024 (domingo) \u00e0s 16h \u2013 Sesc S\u00e3o Jo\u00e3o de Meriti&nbsp;<br>Av. Autom\u00f3vel Clube, 66, S\u00e3o Jo\u00e3o de Meriti \u2013 RJ, 25.515-126&nbsp;<\/p>\n\n\n\n<p>11\/08\/2024 (domingo) \u00e0s 16h \u2013 Sesc Nova Igua\u00e7u&nbsp;<br>Rua Dom Adriano Hip\u00f3lito, 10, Moquet\u00e1, Nova Igua\u00e7u \u2013 RJ, 26.285-330&nbsp;<\/p>\n\n\n\n<p>18\/08\/2024 (domingo) \u00e0s 16h \u2013 Sesc Campos&nbsp;<br>Av. Alberto Torres, 397 &#8211; Centro, Campos dos Goytacazes &#8211; RJ, 28.035-581<\/p>\n\n\n\n<p>24\/08\/2024 (s\u00e1bado) \u00e0s 15h \u2013 Teatro Sesc Rosinha de Valen\u00e7a&nbsp;<br>Av. Professora Silvina Borges Graciosa, 44, Valen\u00e7a \u2013 RJ, 27.600-000&nbsp;<\/p>\n\n\n\n<p>25\/08\/2024 (domingo) \u00e0s 16h \u2013 Sesc Ramos&nbsp;<br>Rua Teixeira Franco, 38 &#8211; Ramos, Rio de Janeiro &#8211; RJ, 21.060-130&nbsp;<\/p>\n\n\n\n<p>01\/09\/2024 (domingo) \u00e0s 16h \u2013 Sesc Madureira&nbsp;<br>Rua Ewbank da C\u00e2mara, 90, Madureira \u2013 RJ, 21.510-150&nbsp;<\/p>\n\n\n\n<p>08\/09\/2024 (domingo) \u00e0s 16h \u2013 Sesc S\u00e3o Gon\u00e7alo&nbsp;<br>Av. Pres. Kennedy, 755 &#8211; Estrela do Norte, S\u00e3o Gon\u00e7alo &#8211; RJ, 24440-490&nbsp;<\/p>\n\n\n\n<p>15\/09\/2024 (domingo) \u00e0s 16h \u2013 Sesc Teres\u00f3polis&nbsp;<br>Av. Delfim Moreira, 749 &#8211; V\u00e1rzea, Teres\u00f3polis &#8211; RJ, 25953-237&nbsp;<\/p>\n\n\n\n<p>22\/09\/2024 (domingo) \u00e0s 15h \u2013 Sesc Barra Mansa&nbsp;<br>Av. Tenente Jos\u00e9 Eduardo, 560 &#8211; Ano Bom, Barra Mansa &#8211; RJ, 27320-430&nbsp;<\/p>\n\n\n\n<p><strong>Ingressos<\/strong>: R$ 10,00 (inteira), R$ 5,00 (meia-entrada) e gratuito (credencial plena Sesc e p\u00fablico PCG). Teatro Sesc Rosinha de Valen\u00e7a: gratuito<\/p>\n\n\n\n<figure class=\"wp-block-gallery has-nested-images columns-1 is-cropped wp-block-gallery-1 is-layout-flex wp-block-gallery-is-layout-flex\">\n<figure class=\"wp-block-image size-large\"><img decoding=\"async\" data-id=\"54216\" src=\"https:\/\/celebs.com.br\/wp-content\/uploads\/2024\/07\/FOTO-02-2-1024x678.jpg\" alt=\"\" class=\"wp-image-54216\"\/><\/figure>\n\n\n\n<figure class=\"wp-block-image size-large\"><img decoding=\"async\" data-id=\"54219\" src=\"https:\/\/celebs.com.br\/wp-content\/uploads\/2024\/07\/FOTO-03-2-1024x678.jpg\" alt=\"\" class=\"wp-image-54219\"\/><\/figure>\n\n\n\n<figure class=\"wp-block-image size-large\"><img decoding=\"async\" data-id=\"54218\" src=\"https:\/\/celebs.com.br\/wp-content\/uploads\/2024\/07\/FOTO-05-678x1024.jpg\" alt=\"\" class=\"wp-image-54218\"\/><\/figure>\n\n\n\n<figure class=\"wp-block-image size-large\"><img decoding=\"async\" data-id=\"54220\" src=\"https:\/\/celebs.com.br\/wp-content\/uploads\/2024\/07\/O-Brincado-Romance-de-Flora-e-Valentin-Fotos-Marcio-Leandro-108-1024x678.jpg\" alt=\"\" class=\"wp-image-54220\"\/><\/figure>\n\n\n\n<figure class=\"wp-block-image size-large\"><img decoding=\"async\" data-id=\"54221\" src=\"https:\/\/celebs.com.br\/wp-content\/uploads\/2024\/07\/FOTO-01-2-1024x678.jpg\" alt=\"\" class=\"wp-image-54221\"\/><\/figure>\n<\/figure>\n<input type=\"hidden\" id=\"baseurl\" value=\"https:\/\/noticiasdestaque.com.br\"><input type=\"hidden\" id=\"audio_nonce\" value=\"6a24ca502e\">","protected":false},"excerpt":{"rendered":"<p>Em 2024 a&nbsp;Cia de Arte Popular&nbsp;celebra 27 anos de trajet\u00f3ria art\u00edstica com uma circula\u00e7\u00e3o de 09 apresenta\u00e7\u00f5es do premiado espet\u00e1culo infantojuvenil \u201cO Brincado Romance de Flora e Valentin&#8220;. A montagem foi contemplada no Edital de Cultura Sesc RJ Pulsar 2023\/24. O circuito come\u00e7a no dia 04 de agosto (domingo), \u00e0s 16h, no Sesc S\u00e3o Jo\u00e3o [&hellip;]<\/p>\n","protected":false},"author":1,"featured_media":14436,"comment_status":"open","ping_status":"open","sticky":false,"template":"","format":"standard","meta":{"fifu_image_url":"","fifu_image_alt":"","footnotes":""},"categories":[52],"tags":[],"class_list":["post-14435","post","type-post","status-publish","format-standard","has-post-thumbnail","hentry","category-entretenimento"],"distributor_meta":false,"distributor_terms":false,"distributor_media":false,"distributor_original_site_name":"Portal de Recupera\u00e7\u00e3o","distributor_original_site_url":"https:\/\/portalderecuperacao.com","push-errors":false,"_links":{"self":[{"href":"https:\/\/noticiasdestaque.com.br\/index.php\/wp-json\/wp\/v2\/posts\/14435","targetHints":{"allow":["GET"]}}],"collection":[{"href":"https:\/\/noticiasdestaque.com.br\/index.php\/wp-json\/wp\/v2\/posts"}],"about":[{"href":"https:\/\/noticiasdestaque.com.br\/index.php\/wp-json\/wp\/v2\/types\/post"}],"author":[{"embeddable":true,"href":"https:\/\/noticiasdestaque.com.br\/index.php\/wp-json\/wp\/v2\/users\/1"}],"replies":[{"embeddable":true,"href":"https:\/\/noticiasdestaque.com.br\/index.php\/wp-json\/wp\/v2\/comments?post=14435"}],"version-history":[{"count":0,"href":"https:\/\/noticiasdestaque.com.br\/index.php\/wp-json\/wp\/v2\/posts\/14435\/revisions"}],"wp:featuredmedia":[{"embeddable":true,"href":"https:\/\/noticiasdestaque.com.br\/index.php\/wp-json\/wp\/v2\/media\/14436"}],"wp:attachment":[{"href":"https:\/\/noticiasdestaque.com.br\/index.php\/wp-json\/wp\/v2\/media?parent=14435"}],"wp:term":[{"taxonomy":"category","embeddable":true,"href":"https:\/\/noticiasdestaque.com.br\/index.php\/wp-json\/wp\/v2\/categories?post=14435"},{"taxonomy":"post_tag","embeddable":true,"href":"https:\/\/noticiasdestaque.com.br\/index.php\/wp-json\/wp\/v2\/tags?post=14435"}],"curies":[{"name":"wp","href":"https:\/\/api.w.org\/{rel}","templated":true}]}}