{"id":14433,"date":"2024-07-16T16:31:37","date_gmt":"2024-07-16T19:31:37","guid":{"rendered":"https:\/\/noticiasdestaque.com.br\/index.php\/2024\/07\/16\/marcia-romao-traz-dicas-de-londres-e-rio-de-janeiro-em-novo-episodio-de-passaporte-carimbado-na-claro-tv\/"},"modified":"2024-07-16T16:31:37","modified_gmt":"2024-07-16T19:31:37","slug":"marcia-romao-traz-dicas-de-londres-e-rio-de-janeiro-em-novo-episodio-de-passaporte-carimbado-na-claro-tv","status":"publish","type":"post","link":"https:\/\/noticiasdestaque.com.br\/index.php\/2024\/07\/16\/marcia-romao-traz-dicas-de-londres-e-rio-de-janeiro-em-novo-episodio-de-passaporte-carimbado-na-claro-tv\/","title":{"rendered":"M\u00e1rcia Rom\u00e3o traz dicas de Londres e Rio de Janeiro em novo epis\u00f3dio de \u201cPassaporte Carimbado\u201d, na Claro TV"},"content":{"rendered":"\n<p>&#8220;<strong>Passaporte Carimbado<\/strong>&#8221; continua encantando o p\u00fablico na Claro TV. Sendo exibido semanalmente todas \u00e0s ter\u00e7as-feiras, 22h, no Trip Brasil Channel, canal 564, o programa \u00e9&nbsp; comandado pela jornalista M\u00e1rcia Rom\u00e3o, que re\u00fane dicas indispens\u00e1veis de diferentes destinos do mundo. No epis\u00f3dio desta semana, ela traz Inglaterra e o Rio de Janeiro.&nbsp;<\/p>\n\n\n\n<p>Maldivas, Paris, It\u00e1lia e muitas outras paisagens j\u00e1 foram destinos no programa da apresentadora. No epis\u00f3dio desta ter\u00e7a-feira (16), M\u00e1rcia est\u00e1 de volta \u00e0 Londres com mais novidades. Desta vez, ela traz passeios ainda mais culturais, apresentando aos espectadores museus da cidade, como o Museu Hist\u00f3rico Nacional e o Museu Brit\u00e2nico.<\/p>\n\n\n\n<p>Ainda em terras da Inglaterra, ela faz uma visita \u00e0 Brighton, uma cidade tur\u00edstica inglesa \u00e0 beira-mar e com belas paisagens. &#8220;A Inglaterra \u00e9 um pa\u00eds incr\u00edvel, com lugares espetaculares. Morei em Londres, ent\u00e3o pude conhecer bastante, mas foi muito especial tamb\u00e9m conhecer Brighton. \u00c9 uma cidade maravilhosa e no epis\u00f3dio o p\u00fablico pode conferir um pouquinho mais dos detalhes&#8221;, afirma M\u00e1rcia.&nbsp;<\/p>\n\n\n\n<figure class=\"wp-block-image size-large\"><img decoding=\"async\" src=\"https:\/\/celebs.com.br\/wp-content\/uploads\/2024\/07\/image-4-1024x755.jpeg\" alt=\"\" class=\"wp-image-54200\"\/><\/figure>\n\n\n\n<p>De volta ao Brasil, ela voa em terras nacionais. Um passeio de helic\u00f3ptero pela cidade do Rio de Janeiro completa o epis\u00f3dio desta ter\u00e7a-feira. &#8220;<em><strong>\u00c9 um passeio lindo, paisagens lindas. N\u00e3o tenho d\u00favidas de que ir\u00e3o amar<\/strong><\/em>&#8220;, afirma a apresentadora.&nbsp;<\/p>\n\n\n\n<p>Sobre o que podem esperar do epis\u00f3dio, ela ainda completa: &#8220;Esse epis\u00f3dio est\u00e1 muito bonito. Acredito que quem assistir tamb\u00e9m vai se apaixonar por cada um dos destinos. N\u00e3o percam, nesta ter\u00e7a-feira (16), na Claro TV&#8221;.&nbsp;<\/p>\n\n\n\n<h2 class=\"wp-block-heading\"><strong>A paix\u00e3o por conhecer novos lugares<\/strong><\/h2>\n\n\n\n<p>Desde sempre M\u00e1rcia demonstrou seu interesse e paix\u00e3o por viajar e explorar novos lugares e culturas. Come\u00e7ando a gravar suas viagens de forma despretensiosa, resultou em conte\u00fados que s\u00e3o sempre aguardados e assistidos pelo p\u00fablico. Antes nas redes sociais e YouTube, agora no programa &#8220;<strong>Passaporte Carimbado<\/strong>&#8220;.&nbsp;<\/p>\n\n\n\n<blockquote class=\"wp-block-quote is-layout-flow wp-block-quote-is-layout-flow\">\n<p>&#8220;<em><strong>Gosto de mostrar e dar dicas de lugares, principalmente das cidades que j\u00e1 morei, como Canterbury na Inglaterra, onde estive durante dois anos. E claro, adoro poder apresentar os Castelos da Inglaterra, visitei v\u00e1rios e todos s\u00e3o incr\u00edveis. E muita gente gosta de ver esses conte\u00fados, dicas de passeios e restaurantes. Recebo muitas mensagens nas minhas redes sociais, este feedback \u00e9 muito bacana. Fico feliz<\/strong><\/em>&#8220;, <em>conta a jornalista.<\/em><\/p>\n<\/blockquote>\n\n\n\n<p>Sobre os destinos favoritos, M\u00e1rcia conta: <\/p>\n\n\n\n<blockquote class=\"wp-block-quote is-layout-flow wp-block-quote-is-layout-flow\">\n<p>&#8220;<em><strong>Atualmente moro no Rio e amo as praias do Brasil. Mas visitar Maldivas, no Oceano \u00cdndico, foi espetacular, a cor da \u00e1gua, o mar\u2026 Foi uma experi\u00eancia que nunca vou esquecer. Destaco entre cidades de praias que visitei, Buzios, Fernando de Noronha, Santorini na Gr\u00e9cia e Maldivas<\/strong><\/em>&#8220;, <em>finaliza.<\/em><\/p>\n<\/blockquote>\n\n\n\n<p>Desde a estreia o programa vem conquistando o p\u00fablico com as experi\u00eancias incr\u00edveis e uma imers\u00e3o nas culturas e destinos mais fascinantes do mundo.&nbsp;<strong>N\u00e3o perca, todas as ter\u00e7as-feiras, \u00e0s 22h horas, na Claro TV.<\/strong><\/p>\n\n\n\n<p><strong>Redes Sociais:&nbsp;<\/strong><\/p>\n\n\n\n<p><strong>Instagram<\/strong>:&nbsp;<a href=\"https:\/\/www.instagram.com\/marciacromao\/\" target=\"_blank\" rel=\"noreferrer noopener\">@marciacromao<\/a><br><strong>YouTube<\/strong>: Canal Demais&nbsp;<\/p>\n\n\n\n<figure class=\"wp-block-gallery has-nested-images columns-1 is-cropped wp-block-gallery-1 is-layout-flex wp-block-gallery-is-layout-flex\">\n<figure class=\"wp-block-image size-large\"><img decoding=\"async\" data-id=\"54203\" src=\"https:\/\/celebs.com.br\/wp-content\/uploads\/2024\/07\/WhatsApp-Image-2024-06-26-at-10.44.35-768x1024.jpeg\" alt=\"\" class=\"wp-image-54203\"\/><\/figure>\n\n\n\n<figure class=\"wp-block-image size-large\"><img decoding=\"async\" data-id=\"54202\" src=\"https:\/\/celebs.com.br\/wp-content\/uploads\/2024\/07\/WhatsApp-Image-2024-06-26-at-11.07.41-514x1024.jpeg\" alt=\"\" class=\"wp-image-54202\"\/><\/figure>\n\n\n\n<figure class=\"wp-block-image size-large\"><img decoding=\"async\" data-id=\"54201\" src=\"https:\/\/celebs.com.br\/wp-content\/uploads\/2024\/07\/WhatsApp-Image-2024-06-26-at-11.08.04-542x1024.jpeg\" alt=\"\" class=\"wp-image-54201\"\/><\/figure>\n<\/figure>\n<input type=\"hidden\" id=\"baseurl\" value=\"https:\/\/noticiasdestaque.com.br\"><input type=\"hidden\" id=\"audio_nonce\" value=\"6a24ca502e\">","protected":false},"excerpt":{"rendered":"<p>&#8220;Passaporte Carimbado&#8221; continua encantando o p\u00fablico na Claro TV. Sendo exibido semanalmente todas \u00e0s ter\u00e7as-feiras, 22h, no Trip Brasil Channel, canal 564, o programa \u00e9&nbsp; comandado pela jornalista M\u00e1rcia Rom\u00e3o, que re\u00fane dicas indispens\u00e1veis de diferentes destinos do mundo. No epis\u00f3dio desta semana, ela traz Inglaterra e o Rio de Janeiro.&nbsp; Maldivas, Paris, It\u00e1lia e [&hellip;]<\/p>\n","protected":false},"author":1,"featured_media":14434,"comment_status":"open","ping_status":"open","sticky":false,"template":"","format":"standard","meta":{"fifu_image_url":"","fifu_image_alt":"","footnotes":""},"categories":[52],"tags":[],"class_list":["post-14433","post","type-post","status-publish","format-standard","has-post-thumbnail","hentry","category-entretenimento"],"distributor_meta":false,"distributor_terms":false,"distributor_media":false,"distributor_original_site_name":"Portal de Recupera\u00e7\u00e3o","distributor_original_site_url":"https:\/\/portalderecuperacao.com","push-errors":false,"_links":{"self":[{"href":"https:\/\/noticiasdestaque.com.br\/index.php\/wp-json\/wp\/v2\/posts\/14433","targetHints":{"allow":["GET"]}}],"collection":[{"href":"https:\/\/noticiasdestaque.com.br\/index.php\/wp-json\/wp\/v2\/posts"}],"about":[{"href":"https:\/\/noticiasdestaque.com.br\/index.php\/wp-json\/wp\/v2\/types\/post"}],"author":[{"embeddable":true,"href":"https:\/\/noticiasdestaque.com.br\/index.php\/wp-json\/wp\/v2\/users\/1"}],"replies":[{"embeddable":true,"href":"https:\/\/noticiasdestaque.com.br\/index.php\/wp-json\/wp\/v2\/comments?post=14433"}],"version-history":[{"count":0,"href":"https:\/\/noticiasdestaque.com.br\/index.php\/wp-json\/wp\/v2\/posts\/14433\/revisions"}],"wp:featuredmedia":[{"embeddable":true,"href":"https:\/\/noticiasdestaque.com.br\/index.php\/wp-json\/wp\/v2\/media\/14434"}],"wp:attachment":[{"href":"https:\/\/noticiasdestaque.com.br\/index.php\/wp-json\/wp\/v2\/media?parent=14433"}],"wp:term":[{"taxonomy":"category","embeddable":true,"href":"https:\/\/noticiasdestaque.com.br\/index.php\/wp-json\/wp\/v2\/categories?post=14433"},{"taxonomy":"post_tag","embeddable":true,"href":"https:\/\/noticiasdestaque.com.br\/index.php\/wp-json\/wp\/v2\/tags?post=14433"}],"curies":[{"name":"wp","href":"https:\/\/api.w.org\/{rel}","templated":true}]}}