{"id":14431,"date":"2024-07-08T14:21:10","date_gmt":"2024-07-08T17:21:10","guid":{"rendered":"https:\/\/noticiasdestaque.com.br\/index.php\/2024\/07\/08\/mato-grossense-e-eleita-miss-universo-na-colombia\/"},"modified":"2024-07-08T14:21:10","modified_gmt":"2024-07-08T17:21:10","slug":"mato-grossense-e-eleita-miss-universo-na-colombia","status":"publish","type":"post","link":"https:\/\/noticiasdestaque.com.br\/index.php\/2024\/07\/08\/mato-grossense-e-eleita-miss-universo-na-colombia\/","title":{"rendered":"Adolescente mato-grossense \u00e9 eleita Miss Universo em concurso de beleza internacional realizado na Col\u00f4mbia"},"content":{"rendered":"\n<p>No \u00faltimo s\u00e1bado (30\/06) em Cartagena de \u00cdndias \/ Col\u00f4mbia a mato-grossense <strong>Iasmyn Justen<\/strong> (13 Anos) conquistou o in\u00e9dito t\u00edtulo de Little Mini Universo 2024. Iasmyn reside em Tabapor\u00e3 \/ Mato Grosso! <br><br>O Mini Universo recebe meninas com idades entre 03 \/ 16 anos de idade, e \u00e9 o maior evento infantil para crian\u00e7as e pr\u00e9-adolescentes do mundo, e este ano comemorou a sua 8a Edi\u00e7\u00e3o. O seu principal objetivo \u00e9 revelar novos talentos kids para tornarem se grandes estrelas no futuro!<br><br>As 21 participantes vindas de diversos pa\u00edses do mundo chegaram na Col\u00f4mbia em 24\/6, e at\u00e9 a grande final (30) participaram de v\u00e1rios compromissos, entre eles: Entrevista Pessoal, Desafio Fitness, Etapa de<br>Talentos, Preliminar em Traje T\u00edpico e Traje de Gala, al\u00e9m de v\u00e1rios ensaios, passeios e um incr\u00edvel interc\u00e2mbio cultural.<\/p>\n\n\n\n<figure class=\"wp-block-image size-full\"><img decoding=\"async\" src=\"https:\/\/celebs.com.br\/wp-content\/uploads\/2024\/07\/IMG_2028.jpg\" alt=\"\" class=\"wp-image-53682\"\/><\/figure>\n\n\n\n<p><br>Iasmyn conquistou o direito de representar o Brasil na etapa internacional ap\u00f3s conquistar o t\u00edtulo estadual de Pequena Miss Mato Grosso sob a coordena\u00e7\u00e3o de Vilmar Pinho, e brilhar no palco do Pequena Miss Brasil que aconteceu em mar\u00e7o deste ano no Parque Beto Carrero World em Santa Catarina.<br><br>Durante o ano de reinado, al\u00e9m de promover o t\u00edtulo internacional, a jovem dever\u00e1 estar envolvida em causas e projetos sociais, al\u00e9m de participar de eventos filantr\u00f3picos e beneficentes.<\/p>\n\n\n\n<h2 class=\"wp-block-heading\">Resultados Oficiais:<\/h2>\n\n\n\n<p><strong>Little Universo \u2013 <a href=\"https:\/\/celebs.com.br\/53595\/em-concurso-de-beleza-internacional-brasileiras-sao-eleitas-miss-universo-infantil\/\" data-type=\"post\" data-id=\"53595\">Iasmyn Justen<\/a> (Brasil)<\/strong><br>1a Finalista \u2013 Celeste Palencia (Venezuela)<br>2a Finalista \u2013 Lina Backlund (Panam\u00e1)<\/p>\n\n\n\n<figure class=\"wp-block-gallery has-nested-images columns-1 is-cropped wp-block-gallery-1 is-layout-flex wp-block-gallery-is-layout-flex\">\n<figure class=\"wp-block-image size-large\"><img decoding=\"async\" data-id=\"53681\" src=\"https:\/\/celebs.com.br\/wp-content\/uploads\/2024\/07\/IMG_2020.jpg\" alt=\"\" class=\"wp-image-53681\"\/><\/figure>\n\n\n\n<figure class=\"wp-block-image size-large\"><img decoding=\"async\" data-id=\"53608\" src=\"https:\/\/celebs.com.br\/wp-content\/uploads\/2024\/07\/IMG_8795-1.jpg\" alt=\"\" class=\"wp-image-53608\"\/><\/figure>\n\n\n\n<figure class=\"wp-block-image size-large\"><img decoding=\"async\" data-id=\"53607\" src=\"https:\/\/celebs.com.br\/wp-content\/uploads\/2024\/07\/IMG_8794-1.jpg\" alt=\"\" class=\"wp-image-53607\"\/><\/figure>\n\n\n\n<figure class=\"wp-block-image size-large\"><img decoding=\"async\" data-id=\"53609\" src=\"https:\/\/celebs.com.br\/wp-content\/uploads\/2024\/07\/IMG_8796-1.jpg\" alt=\"\" class=\"wp-image-53609\"\/><\/figure>\n<\/figure>\n<input type=\"hidden\" id=\"baseurl\" value=\"https:\/\/noticiasdestaque.com.br\"><input type=\"hidden\" id=\"audio_nonce\" value=\"581f3017e1\">","protected":false},"excerpt":{"rendered":"<p>No \u00faltimo s\u00e1bado (30\/06) em Cartagena de \u00cdndias \/ Col\u00f4mbia a mato-grossense Iasmyn Justen (13 Anos) conquistou o in\u00e9dito t\u00edtulo de Little Mini Universo 2024. Iasmyn reside em Tabapor\u00e3 \/ Mato Grosso! O Mini Universo recebe meninas com idades entre 03 \/ 16 anos de idade, e \u00e9 o maior evento infantil para crian\u00e7as e [&hellip;]<\/p>\n","protected":false},"author":1,"featured_media":14432,"comment_status":"open","ping_status":"open","sticky":false,"template":"","format":"standard","meta":{"fifu_image_url":"","fifu_image_alt":"","footnotes":""},"categories":[52],"tags":[],"class_list":["post-14431","post","type-post","status-publish","format-standard","has-post-thumbnail","hentry","category-entretenimento"],"distributor_meta":false,"distributor_terms":false,"distributor_media":false,"distributor_original_site_name":"Portal de Recupera\u00e7\u00e3o","distributor_original_site_url":"https:\/\/portalderecuperacao.com","push-errors":false,"_links":{"self":[{"href":"https:\/\/noticiasdestaque.com.br\/index.php\/wp-json\/wp\/v2\/posts\/14431","targetHints":{"allow":["GET"]}}],"collection":[{"href":"https:\/\/noticiasdestaque.com.br\/index.php\/wp-json\/wp\/v2\/posts"}],"about":[{"href":"https:\/\/noticiasdestaque.com.br\/index.php\/wp-json\/wp\/v2\/types\/post"}],"author":[{"embeddable":true,"href":"https:\/\/noticiasdestaque.com.br\/index.php\/wp-json\/wp\/v2\/users\/1"}],"replies":[{"embeddable":true,"href":"https:\/\/noticiasdestaque.com.br\/index.php\/wp-json\/wp\/v2\/comments?post=14431"}],"version-history":[{"count":0,"href":"https:\/\/noticiasdestaque.com.br\/index.php\/wp-json\/wp\/v2\/posts\/14431\/revisions"}],"wp:featuredmedia":[{"embeddable":true,"href":"https:\/\/noticiasdestaque.com.br\/index.php\/wp-json\/wp\/v2\/media\/14432"}],"wp:attachment":[{"href":"https:\/\/noticiasdestaque.com.br\/index.php\/wp-json\/wp\/v2\/media?parent=14431"}],"wp:term":[{"taxonomy":"category","embeddable":true,"href":"https:\/\/noticiasdestaque.com.br\/index.php\/wp-json\/wp\/v2\/categories?post=14431"},{"taxonomy":"post_tag","embeddable":true,"href":"https:\/\/noticiasdestaque.com.br\/index.php\/wp-json\/wp\/v2\/tags?post=14431"}],"curies":[{"name":"wp","href":"https:\/\/api.w.org\/{rel}","templated":true}]}}