{"id":14424,"date":"2024-07-08T11:48:00","date_gmt":"2024-07-08T11:48:00","guid":{"rendered":"https:\/\/noticiasdestaque.com.br\/index.php\/2024\/07\/08\/lula-afirma-que-alianca-progressista-na-franca-serve-de-inspiracao\/"},"modified":"2024-07-08T11:48:00","modified_gmt":"2024-07-08T11:48:00","slug":"lula-afirma-que-alianca-progressista-na-franca-serve-de-inspiracao","status":"publish","type":"post","link":"https:\/\/noticiasdestaque.com.br\/index.php\/2024\/07\/08\/lula-afirma-que-alianca-progressista-na-franca-serve-de-inspiracao\/","title":{"rendered":"Lula afirma que alian\u00e7a progressista na Fran\u00e7a serve de inspira\u00e7\u00e3o"},"content":{"rendered":"<style> bloco.meta {font-style: italic; color: #666;font-weight: 600;font-size: .8em; \/* line-height: .3em; *\/}  text h2 { font-weight: 700 !important;  color: #062f46 !important;} text img { width: none; left: none;}<\/style>\n<\/p>\n<p>O presidente Luiz In\u00e1cio Lula da Silva celebrou neste domingo (07) os resultados das elei\u00e7\u00f5es da Fran\u00e7a. A<a href=\"https:\/\/agenciabrasil.ebc.com.br\/internacional\/noticia\/2024-07\/franca-alianca-de-esquerda-lidera-mas-sem-maioria-absoluta\" target=\"_blank\"> alian\u00e7a de esquerda Nova Frente Popular saiu na frente<\/a> na apura\u00e7\u00e3o das elei\u00e7\u00f5es parlamentares, superando os partidos de centro e extrema-direita. Milhares de pessoas foram \u00e0s ruas da capital francesa comemorar o resultado.<aimg src=\"https:\/\/aagenciabrasil.ebc.com.br\/ebc.apng?id=1603082 o=node\" style=\"width:1px; height:1px; display:inline;\"><\/aimg><aimg src=\"https:\/\/aagenciabrasil.ebc.com.br\/ebc.agif?id=1603082 o=node\" style=\"width:1px; height:1px; display:inline;\"><\/aimg><\/p>\n<p>&#8220;Muito feliz com a demonstra\u00e7\u00e3o de grandeza e maturidade das for\u00e7as pol\u00edticas da Fran\u00e7a que se uniram contra o extremismo nas elei\u00e7\u00f5es legislativas de hoje. Esse resultado, assim como a vit\u00f3ria do partido trabalhista no Reino Unido, refor\u00e7a a import\u00e2ncia do di\u00e1logo entre os segmentos progressistas em defesa da democracia e da justi\u00e7a social. Devem servir de inspira\u00e7\u00e3o para a Am\u00e9rica do Sul&#8221;, afirmou Lula.<\/p>\n<p>O presidente da Col\u00f4mbia, Gustavo Petro, tamb\u00e9m se manifestou nas redes sociais. Para ele, o resultado das urnas francesas apontam para uma revolu\u00e7\u00e3o mundial pela vida. &#8220;Sempre nos momentos mais tristes da humanidade, a Humanidade reage&#8221;, disse Petro.<\/p>\n<p>O presidente da Venezuela, Nicol\u00e1s Maduro, classificou de &#8220;hist\u00f3rica&#8221; a vit\u00f3ria da Nova Frente Popular. &#8220;Sauda\u00e7\u00f5es ao povo franc\u00eas, aos movimentos sociais e \u00e0s suas for\u00e7as populares, por este importante dia c\u00edvico que fortalece a unidade e a Paz&#8221;, destacou Maduro.<\/p>\n<p>A presidenta de Honduras, Xiomara Castro de Zelaya, comemorou a vit\u00f3ria da esquerda francesa e aproveitou para tamb\u00e9m parabenizar o partido trabalhista ingl\u00eas. &#8220;A Europa avan\u00e7a. O Partido Trabalhista triunfou no Reino Unido e agora em Fran\u00e7a, uma coliga\u00e7\u00e3o de for\u00e7as progressistas deteve a extrema direita e as suas amea\u00e7as. Parab\u00e9ns aos povos ingl\u00eas e franc\u00eas por defenderem os direitos e a liberdade do povo&#8221;, disse Xiomara, nas redes sociais.<\/p>\n<p>Em junho, ap\u00f3s resultado das elei\u00e7\u00f5es para o Parlamento Europeu,<a href=\"http:\/\/agenciabrasil.ebc.com.br\/internacional\/noticia\/2024-06\/macron-dissolve-parlamento-e-convoca-eleicao-legislativa-na-franca\" target=\"_blank\"> o presidente da Fran\u00e7a, Emmanuel Macron, dissolveu o parlamento franc\u00eas e convocou elei\u00e7\u00f5es no pa\u00eds<\/a>. No primeiro turno, <a href=\"https:\/\/agenciabrasil.ebc.com.br\/internacional\/noticia\/2024-07\/entenda-eleicao-para-deputados-na-franca-e-reflexos-da-disputa\" target=\"_blank\">a extrema-direita se destacou e a expectativa \u00e9 que ela sa\u00edsse do pleito vitoriosa<\/a>. A apura\u00e7\u00e3o parcial deste domingo apontou um cen\u00e1rio inesperado, com a esquerda \u00e0 frente do centro e da extrema-direita. O resultado final s\u00f3 deve ser conhecido nesta segunda (8).<\/p>\n<\/p>\n<p class=\"alt-font font-italic my-2 small text-info\">\n                                                Edi\u00e7\u00e3o:   Juliana C\u00e9zar Nunes                    <\/p>\n<p>            <!-- blog End --><\/p>\n<p>            <!-- tag and share --><\/p>\n<p> Fonte: EBC <\/p>\n<input type=\"hidden\" id=\"baseurl\" value=\"https:\/\/noticiasdestaque.com.br\"><input type=\"hidden\" id=\"audio_nonce\" value=\"581f3017e1\">","protected":false},"excerpt":{"rendered":"<p>L\u00edderes latino-americanos comemoram vit\u00f3ria da esquerda francesa<\/p>\n","protected":false},"author":1,"featured_media":14426,"comment_status":"open","ping_status":"open","sticky":false,"template":"","format":"standard","meta":{"fifu_image_url":"","fifu_image_alt":"","footnotes":""},"categories":[1],"tags":[106],"class_list":["post-14424","post","type-post","status-publish","format-standard","has-post-thumbnail","hentry","category-uncategorized","tag-brunna-pareja"],"distributor_meta":false,"distributor_terms":false,"distributor_media":false,"distributor_original_site_name":"Noticias em Destaque","distributor_original_site_url":"https:\/\/noticiasdestaque.com.br","push-errors":false,"_links":{"self":[{"href":"https:\/\/noticiasdestaque.com.br\/index.php\/wp-json\/wp\/v2\/posts\/14424","targetHints":{"allow":["GET"]}}],"collection":[{"href":"https:\/\/noticiasdestaque.com.br\/index.php\/wp-json\/wp\/v2\/posts"}],"about":[{"href":"https:\/\/noticiasdestaque.com.br\/index.php\/wp-json\/wp\/v2\/types\/post"}],"author":[{"embeddable":true,"href":"https:\/\/noticiasdestaque.com.br\/index.php\/wp-json\/wp\/v2\/users\/1"}],"replies":[{"embeddable":true,"href":"https:\/\/noticiasdestaque.com.br\/index.php\/wp-json\/wp\/v2\/comments?post=14424"}],"version-history":[{"count":1,"href":"https:\/\/noticiasdestaque.com.br\/index.php\/wp-json\/wp\/v2\/posts\/14424\/revisions"}],"predecessor-version":[{"id":14425,"href":"https:\/\/noticiasdestaque.com.br\/index.php\/wp-json\/wp\/v2\/posts\/14424\/revisions\/14425"}],"wp:featuredmedia":[{"embeddable":true,"href":"https:\/\/noticiasdestaque.com.br\/index.php\/wp-json\/wp\/v2\/media\/14426"}],"wp:attachment":[{"href":"https:\/\/noticiasdestaque.com.br\/index.php\/wp-json\/wp\/v2\/media?parent=14424"}],"wp:term":[{"taxonomy":"category","embeddable":true,"href":"https:\/\/noticiasdestaque.com.br\/index.php\/wp-json\/wp\/v2\/categories?post=14424"},{"taxonomy":"post_tag","embeddable":true,"href":"https:\/\/noticiasdestaque.com.br\/index.php\/wp-json\/wp\/v2\/tags?post=14424"}],"curies":[{"name":"wp","href":"https:\/\/api.w.org\/{rel}","templated":true}]}}