{"id":14409,"date":"2024-07-08T05:18:00","date_gmt":"2024-07-08T05:18:00","guid":{"rendered":"https:\/\/noticiasdestaque.com.br\/index.php\/2024\/07\/08\/governo-lanca-politica-para-conservacao-e-uso-sustentavel-de-recursos-para-alimentacao-agricultura-e-pecuaria\/"},"modified":"2024-07-08T05:18:00","modified_gmt":"2024-07-08T05:18:00","slug":"governo-lanca-politica-para-conservacao-e-uso-sustentavel-de-recursos-para-alimentacao-agricultura-e-pecuaria","status":"publish","type":"post","link":"https:\/\/noticiasdestaque.com.br\/index.php\/2024\/07\/08\/governo-lanca-politica-para-conservacao-e-uso-sustentavel-de-recursos-para-alimentacao-agricultura-e-pecuaria\/","title":{"rendered":"Governo lan\u00e7a pol\u00edtica para conserva\u00e7\u00e3o e uso sustent\u00e1vel de recursos para alimenta\u00e7\u00e3o, agricultura e pecu\u00e1ria"},"content":{"rendered":"<p>Por meio de decreto, o governo federal instituiu a Pol\u00edtica Nacional de Conserva\u00e7\u00e3o e Uso Sustent\u00e1vel dos Recursos P\u00fablicos Gen\u00e9ticos para a Alimenta\u00e7\u00e3o, a Agricultura e a Pecu\u00e1ria, na \u00faltima quinta-feira (4). <\/p>\n<p>Entre outras medidas, a norma visa a conserva\u00e7\u00e3o, o uso sustent\u00e1vel e a valoriza\u00e7\u00e3o dos recursos gen\u00e9ticos para a alimenta\u00e7\u00e3o, agricultura e pecu\u00e1ria. A pol\u00edtica objetiva tamb\u00e9m garantir a soberania e a seguran\u00e7a alimentar e nutricional do pa\u00eds, al\u00e9m de ampliar o conhecimento dos recursos gen\u00e9ticos e a base gen\u00e9tica dos programas desenvolvidos por institui\u00e7\u00f5es de pesquisa. <\/p>\n<p>De acordo com o Minist\u00e9rio da Agricultura e Pecu\u00e1ria (Mapa), das seis mil esp\u00e9cies de plantas cultivadas para a alimenta\u00e7\u00e3o, apenas nove esp\u00e9cies representam 66% da produ\u00e7\u00e3o agr\u00edcola mundial. Tal concentra\u00e7\u00e3o significaria um risco para a seguran\u00e7a alimentar. <\/p>\n<p>A coordena\u00e7\u00e3o da pol\u00edtica ser\u00e1 feita por tr\u00eas minist\u00e9rios. Al\u00e9m do Mapa, os minist\u00e9rios de Desenvolvimento Agr\u00e1rio e Agricultura Familiar e de Meio Ambiente e Mudan\u00e7as Clim\u00e1ticas tamb\u00e9m v\u00e3o liderar a iniciativa. \n <\/p>\n<p> Fonte: Brasil61<\/p>\n<input type=\"hidden\" id=\"baseurl\" value=\"https:\/\/noticiasdestaque.com.br\"><input type=\"hidden\" id=\"audio_nonce\" value=\"581f3017e1\">","protected":false},"excerpt":{"rendered":"<p>Decreto publicado no Di\u00e1rio Oficial da Uni\u00e3o de quinta-feira (4) visa garantir soberania, seguran\u00e7a alimentar e nutricional do pa\u00eds<\/p>\n","protected":false},"author":1,"featured_media":14411,"comment_status":"open","ping_status":"open","sticky":false,"template":"","format":"standard","meta":{"fifu_image_url":"","fifu_image_alt":"","footnotes":""},"categories":[1],"tags":[106],"class_list":["post-14409","post","type-post","status-publish","format-standard","has-post-thumbnail","hentry","category-uncategorized","tag-brunna-pareja"],"distributor_meta":false,"distributor_terms":false,"distributor_media":false,"distributor_original_site_name":"Noticias em Destaque","distributor_original_site_url":"https:\/\/noticiasdestaque.com.br","push-errors":false,"_links":{"self":[{"href":"https:\/\/noticiasdestaque.com.br\/index.php\/wp-json\/wp\/v2\/posts\/14409","targetHints":{"allow":["GET"]}}],"collection":[{"href":"https:\/\/noticiasdestaque.com.br\/index.php\/wp-json\/wp\/v2\/posts"}],"about":[{"href":"https:\/\/noticiasdestaque.com.br\/index.php\/wp-json\/wp\/v2\/types\/post"}],"author":[{"embeddable":true,"href":"https:\/\/noticiasdestaque.com.br\/index.php\/wp-json\/wp\/v2\/users\/1"}],"replies":[{"embeddable":true,"href":"https:\/\/noticiasdestaque.com.br\/index.php\/wp-json\/wp\/v2\/comments?post=14409"}],"version-history":[{"count":1,"href":"https:\/\/noticiasdestaque.com.br\/index.php\/wp-json\/wp\/v2\/posts\/14409\/revisions"}],"predecessor-version":[{"id":14410,"href":"https:\/\/noticiasdestaque.com.br\/index.php\/wp-json\/wp\/v2\/posts\/14409\/revisions\/14410"}],"wp:featuredmedia":[{"embeddable":true,"href":"https:\/\/noticiasdestaque.com.br\/index.php\/wp-json\/wp\/v2\/media\/14411"}],"wp:attachment":[{"href":"https:\/\/noticiasdestaque.com.br\/index.php\/wp-json\/wp\/v2\/media?parent=14409"}],"wp:term":[{"taxonomy":"category","embeddable":true,"href":"https:\/\/noticiasdestaque.com.br\/index.php\/wp-json\/wp\/v2\/categories?post=14409"},{"taxonomy":"post_tag","embeddable":true,"href":"https:\/\/noticiasdestaque.com.br\/index.php\/wp-json\/wp\/v2\/tags?post=14409"}],"curies":[{"name":"wp","href":"https:\/\/api.w.org\/{rel}","templated":true}]}}