{"id":14403,"date":"2024-07-08T01:18:00","date_gmt":"2024-07-08T01:18:00","guid":{"rendered":"https:\/\/noticiasdestaque.com.br\/index.php\/2024\/07\/08\/previsao-do-tempo-onda-de-frio-traz-geada-para-boa-parte-da-regiao-sul-nesta-segunda-feira\/"},"modified":"2024-07-08T01:18:00","modified_gmt":"2024-07-08T01:18:00","slug":"previsao-do-tempo-onda-de-frio-traz-geada-para-boa-parte-da-regiao-sul-nesta-segunda-feira","status":"publish","type":"post","link":"https:\/\/noticiasdestaque.com.br\/index.php\/2024\/07\/08\/previsao-do-tempo-onda-de-frio-traz-geada-para-boa-parte-da-regiao-sul-nesta-segunda-feira\/","title":{"rendered":"PREVIS\u00c3O DO TEMPO: Onda de frio traz geada para boa parte da regi\u00e3o Sul nesta segunda-feira (8)"},"content":{"rendered":"<p>Na manh\u00e3 desta segunda-feira (8), a previs\u00e3o \u00e9 de tempo com poucas nuvens e geada na maior parte do Rio Grande do Sul. \u00c9 o caso dos munic\u00edpios de Bag\u00e9, Uruguaiana e Santa Maria. No litoral e na faixa norte do estado, tempo parcialmente nublado. J\u00e1 do extremo norte do Rio Grande do Sul, passando pelo sul de Santa Catarina at\u00e9 o extremo sul do Paran\u00e1, h\u00e1 possibilidade de chuvas isoladas, enquanto no restante do estado paranaense podem ocorrer pancadas de chuva e trovoadas. <\/p>\n<p>\u00c0 tarde, tempo ensolarado no Rio Grande do Sul e na maior parte de Santa Catarina, enquanto no Paran\u00e1 a chuva continua. \u00c0 noite, o tempo n\u00e3o muda nesses estados. <\/p>\n<p>O Instituto Nacional de Meteorologia (Inmet) alerta para perigo potencial de uma onda de frio nas regi\u00f5es serranas, noroeste e nordeste do Rio Grande do Sul, Grande Florian\u00f3polis,  Vale do Itaja\u00ed, oeste e sul catarinenses. <\/p>\n<p>Entre as capitais da regi\u00e3o, Curitiba deve registrar a menor e a maior temperatura. A cidade paranaense tem previs\u00e3o de m\u00ednima de 8\u00b0C e m\u00e1xima de 15\u00baC. A umidade relativa do ar varia entre 60% e 100%.<\/p>\n<p>As informa\u00e7\u00f5es s\u00e3o do Inmet. \n <\/p>\n<p> Fonte: Brasil61<\/p>\n<input type=\"hidden\" id=\"baseurl\" value=\"https:\/\/noticiasdestaque.com.br\"><input type=\"hidden\" id=\"audio_nonce\" value=\"eb7638fb71\">","protected":false},"excerpt":{"rendered":"<p>A temperatura entre as capitais pode variar entre 8\u00baC e 15\u00baC<\/p>\n","protected":false},"author":1,"featured_media":14405,"comment_status":"open","ping_status":"open","sticky":false,"template":"","format":"standard","meta":{"fifu_image_url":"","fifu_image_alt":"","footnotes":""},"categories":[1],"tags":[],"class_list":["post-14403","post","type-post","status-publish","format-standard","has-post-thumbnail","hentry","category-uncategorized"],"distributor_meta":false,"distributor_terms":false,"distributor_media":false,"distributor_original_site_name":"Noticias em Destaque","distributor_original_site_url":"https:\/\/noticiasdestaque.com.br","push-errors":false,"_links":{"self":[{"href":"https:\/\/noticiasdestaque.com.br\/index.php\/wp-json\/wp\/v2\/posts\/14403","targetHints":{"allow":["GET"]}}],"collection":[{"href":"https:\/\/noticiasdestaque.com.br\/index.php\/wp-json\/wp\/v2\/posts"}],"about":[{"href":"https:\/\/noticiasdestaque.com.br\/index.php\/wp-json\/wp\/v2\/types\/post"}],"author":[{"embeddable":true,"href":"https:\/\/noticiasdestaque.com.br\/index.php\/wp-json\/wp\/v2\/users\/1"}],"replies":[{"embeddable":true,"href":"https:\/\/noticiasdestaque.com.br\/index.php\/wp-json\/wp\/v2\/comments?post=14403"}],"version-history":[{"count":1,"href":"https:\/\/noticiasdestaque.com.br\/index.php\/wp-json\/wp\/v2\/posts\/14403\/revisions"}],"predecessor-version":[{"id":14404,"href":"https:\/\/noticiasdestaque.com.br\/index.php\/wp-json\/wp\/v2\/posts\/14403\/revisions\/14404"}],"wp:featuredmedia":[{"embeddable":true,"href":"https:\/\/noticiasdestaque.com.br\/index.php\/wp-json\/wp\/v2\/media\/14405"}],"wp:attachment":[{"href":"https:\/\/noticiasdestaque.com.br\/index.php\/wp-json\/wp\/v2\/media?parent=14403"}],"wp:term":[{"taxonomy":"category","embeddable":true,"href":"https:\/\/noticiasdestaque.com.br\/index.php\/wp-json\/wp\/v2\/categories?post=14403"},{"taxonomy":"post_tag","embeddable":true,"href":"https:\/\/noticiasdestaque.com.br\/index.php\/wp-json\/wp\/v2\/tags?post=14403"}],"curies":[{"name":"wp","href":"https:\/\/api.w.org\/{rel}","templated":true}]}}