{"id":14394,"date":"2024-07-08T03:18:00","date_gmt":"2024-07-08T03:18:00","guid":{"rendered":"https:\/\/noticiasdestaque.com.br\/index.php\/2024\/07\/08\/previsao-do-tempo-segunda-feira-sera-de-tempo-predominantemente-ensolarado-no-sudeste\/"},"modified":"2024-07-08T03:18:00","modified_gmt":"2024-07-08T03:18:00","slug":"previsao-do-tempo-segunda-feira-sera-de-tempo-predominantemente-ensolarado-no-sudeste","status":"publish","type":"post","link":"https:\/\/noticiasdestaque.com.br\/index.php\/2024\/07\/08\/previsao-do-tempo-segunda-feira-sera-de-tempo-predominantemente-ensolarado-no-sudeste\/","title":{"rendered":"PREVIS\u00c3O DO TEMPO: segunda-feira (8) ser\u00e1 de tempo predominantemente ensolarado no Sudeste"},"content":{"rendered":"<p>A segunda-feira (8) come\u00e7a ensolarada na maior parte de Minas Gerais, norte de S\u00e3o Paulo e nos litorais do Esp\u00edrito Santo e do Rio de Janeiro. J\u00e1 na faixa leste mineira e oeste capixaba e fluminense, a manh\u00e3 ser\u00e1 de muitas nuvens e nevoeiro. \u00c9 o caso dos munic\u00edpios de Campos dos Goytacazes (RJ), Mariana (MG) e S\u00e3o Gabriel da Palha (ES). Do centro ao sul do estado de S\u00e3o Paulo, a previs\u00e3o \u00e9 de chuva e trovoadas. <\/p>\n<p>\u00c0 tarde, o sol toma conta de todo o estado de Minas Gerais e da maior parte do Esp\u00edrito Santo, enquanto no Rio de Janeiro, centro e sul de S\u00e3o Paulo, s\u00e3o esperadas chuvas isoladas e, em alguns casos, trovoadas. \u00c0 noite, o tempo n\u00e3o muda. <\/p>\n<p>Entre as capitais, a menor temperatura ser\u00e1 registrada em S\u00e3o Paulo, que tem previs\u00e3o de m\u00ednima de 12\u00ba C. Vit\u00f3ria deve registrar a m\u00e1xima: 29\u00ba C. A umidade relativa do ar varia entre 30% e 100%. <\/p>\n<p>As informa\u00e7\u00f5es s\u00e3o do Instituto Nacional de Meteorologia.<\/p>\n<p> Fonte: Brasil61<\/p>\n<input type=\"hidden\" id=\"baseurl\" value=\"https:\/\/noticiasdestaque.com.br\"><input type=\"hidden\" id=\"audio_nonce\" value=\"eb7638fb71\">","protected":false},"excerpt":{"rendered":"<p>A temperatura pode variar entre 12\u00baC e 29\u00baC<\/p>\n","protected":false},"author":1,"featured_media":14396,"comment_status":"open","ping_status":"open","sticky":false,"template":"","format":"standard","meta":{"fifu_image_url":"","fifu_image_alt":"","footnotes":""},"categories":[1],"tags":[],"class_list":["post-14394","post","type-post","status-publish","format-standard","has-post-thumbnail","hentry","category-uncategorized"],"distributor_meta":false,"distributor_terms":false,"distributor_media":false,"distributor_original_site_name":"Noticias em Destaque","distributor_original_site_url":"https:\/\/noticiasdestaque.com.br","push-errors":false,"_links":{"self":[{"href":"https:\/\/noticiasdestaque.com.br\/index.php\/wp-json\/wp\/v2\/posts\/14394","targetHints":{"allow":["GET"]}}],"collection":[{"href":"https:\/\/noticiasdestaque.com.br\/index.php\/wp-json\/wp\/v2\/posts"}],"about":[{"href":"https:\/\/noticiasdestaque.com.br\/index.php\/wp-json\/wp\/v2\/types\/post"}],"author":[{"embeddable":true,"href":"https:\/\/noticiasdestaque.com.br\/index.php\/wp-json\/wp\/v2\/users\/1"}],"replies":[{"embeddable":true,"href":"https:\/\/noticiasdestaque.com.br\/index.php\/wp-json\/wp\/v2\/comments?post=14394"}],"version-history":[{"count":1,"href":"https:\/\/noticiasdestaque.com.br\/index.php\/wp-json\/wp\/v2\/posts\/14394\/revisions"}],"predecessor-version":[{"id":14395,"href":"https:\/\/noticiasdestaque.com.br\/index.php\/wp-json\/wp\/v2\/posts\/14394\/revisions\/14395"}],"wp:featuredmedia":[{"embeddable":true,"href":"https:\/\/noticiasdestaque.com.br\/index.php\/wp-json\/wp\/v2\/media\/14396"}],"wp:attachment":[{"href":"https:\/\/noticiasdestaque.com.br\/index.php\/wp-json\/wp\/v2\/media?parent=14394"}],"wp:term":[{"taxonomy":"category","embeddable":true,"href":"https:\/\/noticiasdestaque.com.br\/index.php\/wp-json\/wp\/v2\/categories?post=14394"},{"taxonomy":"post_tag","embeddable":true,"href":"https:\/\/noticiasdestaque.com.br\/index.php\/wp-json\/wp\/v2\/tags?post=14394"}],"curies":[{"name":"wp","href":"https:\/\/api.w.org\/{rel}","templated":true}]}}