{"id":14388,"date":"2024-07-08T02:18:00","date_gmt":"2024-07-08T02:18:00","guid":{"rendered":"https:\/\/noticiasdestaque.com.br\/index.php\/2024\/07\/08\/minas-gerais-declara-fim-de-situacao-de-emergencia-publica-por-causa-da-dengue\/"},"modified":"2024-07-08T02:18:00","modified_gmt":"2024-07-08T02:18:00","slug":"minas-gerais-declara-fim-de-situacao-de-emergencia-publica-por-causa-da-dengue","status":"publish","type":"post","link":"https:\/\/noticiasdestaque.com.br\/index.php\/2024\/07\/08\/minas-gerais-declara-fim-de-situacao-de-emergencia-publica-por-causa-da-dengue\/","title":{"rendered":"Minas Gerais declara fim de situa\u00e7\u00e3o de emerg\u00eancia p\u00fablica por causa da dengue"},"content":{"rendered":"<p>O governo de Minas Gerais decretou o fim da situa\u00e7\u00e3o de emerg\u00eancia em sa\u00fade p\u00fablica no estado provocada pela dengue. O status havia sido declarado pelas autoridades p\u00fablicas estaduais no in\u00edcio do ano, diante da explos\u00e3o de casos da doen\u00e7a. O objetivo era facilitar o acesso a recursos federais e agilizar a\u00e7\u00f5es de combate \u00e0 arbovirose. <\/p>\n<p>Desde janeiro, o estado acumula mais de 1,6 milh\u00e3o de casos de dengue, o maior n\u00famero absoluto entre todas as unidades federativas. Foram confirmadas 753 mortes pela arbovirose at\u00e9 o momento. Outros 735 \u00f3bitos est\u00e3o sob investiga\u00e7\u00e3o. <\/p>\n<p>Minas Gerais tamb\u00e9m possui o segundo maior coeficiente de incid\u00eancia da dengue do pa\u00eds: cerca de 8.059 casos para cada 100 mil habitantes, ficando atr\u00e1s apenas no Distrito Federal, onde a taxa \u00e9 de 9.628 por 100 mil habitantes. <\/p>\n<p>De acordo com o Painel de Monitoramento de Arboviroses, as mulheres respondem por 55,8% dos casos confirmados. Jovens entre 20 e 29 anos constituem a faixa et\u00e1ria com mais ocorr\u00eancias registradas. <\/p>\n<\/p>\n<p> Fonte: Brasil61<\/p>\n<input type=\"hidden\" id=\"baseurl\" value=\"https:\/\/noticiasdestaque.com.br\"><input type=\"hidden\" id=\"audio_nonce\" value=\"eb7638fb71\">","protected":false},"excerpt":{"rendered":"<p>Status foi declarado pelas autoridades de sa\u00fade no in\u00edcio do ano depois de explos\u00e3o de casos no estado, que ainda segue como aquele com maior n\u00famero de doentes confirmados em todo o pa\u00eds<\/p>\n","protected":false},"author":1,"featured_media":14390,"comment_status":"open","ping_status":"open","sticky":false,"template":"","format":"standard","meta":{"fifu_image_url":"","fifu_image_alt":"","footnotes":""},"categories":[1],"tags":[112],"class_list":["post-14388","post","type-post","status-publish","format-standard","has-post-thumbnail","hentry","category-uncategorized","tag-energreener"],"distributor_meta":false,"distributor_terms":false,"distributor_media":false,"distributor_original_site_name":"Noticias em Destaque","distributor_original_site_url":"https:\/\/noticiasdestaque.com.br","push-errors":false,"_links":{"self":[{"href":"https:\/\/noticiasdestaque.com.br\/index.php\/wp-json\/wp\/v2\/posts\/14388","targetHints":{"allow":["GET"]}}],"collection":[{"href":"https:\/\/noticiasdestaque.com.br\/index.php\/wp-json\/wp\/v2\/posts"}],"about":[{"href":"https:\/\/noticiasdestaque.com.br\/index.php\/wp-json\/wp\/v2\/types\/post"}],"author":[{"embeddable":true,"href":"https:\/\/noticiasdestaque.com.br\/index.php\/wp-json\/wp\/v2\/users\/1"}],"replies":[{"embeddable":true,"href":"https:\/\/noticiasdestaque.com.br\/index.php\/wp-json\/wp\/v2\/comments?post=14388"}],"version-history":[{"count":1,"href":"https:\/\/noticiasdestaque.com.br\/index.php\/wp-json\/wp\/v2\/posts\/14388\/revisions"}],"predecessor-version":[{"id":14389,"href":"https:\/\/noticiasdestaque.com.br\/index.php\/wp-json\/wp\/v2\/posts\/14388\/revisions\/14389"}],"wp:featuredmedia":[{"embeddable":true,"href":"https:\/\/noticiasdestaque.com.br\/index.php\/wp-json\/wp\/v2\/media\/14390"}],"wp:attachment":[{"href":"https:\/\/noticiasdestaque.com.br\/index.php\/wp-json\/wp\/v2\/media?parent=14388"}],"wp:term":[{"taxonomy":"category","embeddable":true,"href":"https:\/\/noticiasdestaque.com.br\/index.php\/wp-json\/wp\/v2\/categories?post=14388"},{"taxonomy":"post_tag","embeddable":true,"href":"https:\/\/noticiasdestaque.com.br\/index.php\/wp-json\/wp\/v2\/tags?post=14388"}],"curies":[{"name":"wp","href":"https:\/\/api.w.org\/{rel}","templated":true}]}}