{"id":14385,"date":"2024-07-08T00:48:00","date_gmt":"2024-07-08T00:48:00","guid":{"rendered":"https:\/\/noticiasdestaque.com.br\/index.php\/2024\/07\/08\/regiao-nordeste-lidera-indice-de-atividade-economica-do-brasil\/"},"modified":"2024-07-08T00:48:00","modified_gmt":"2024-07-08T00:48:00","slug":"regiao-nordeste-lidera-indice-de-atividade-economica-do-brasil","status":"publish","type":"post","link":"https:\/\/noticiasdestaque.com.br\/index.php\/2024\/07\/08\/regiao-nordeste-lidera-indice-de-atividade-economica-do-brasil\/","title":{"rendered":"Regi\u00e3o Nordeste lidera \u00edndice de atividade econ\u00f4mica do Brasil"},"content":{"rendered":"<p>O \u00edndice de atividade IBCR-NE do Banco Central do Brasil (<a href=\"https:\/\/www.bcb.gov.br\/\" target=\"_blank\">Bacen<\/a>) aponta que a economia nordestina avan\u00e7ou 3,2% no 1\u00ba trimestre de 2024, em compara\u00e7\u00e3o com o mesmo per\u00edodo do ano anterior. O percentual supera o \u00edndice nacional de 1% de crescimento. Com isso, a regi\u00e3o Nordeste teve o maior \u00edndice de atividade econ\u00f4mica do Brasil no primeiro trimestre. O resultado n\u00e3o era visto desde mar\u00e7o de 2015.<\/p>\n<p>As regi\u00f5es Norte e Sudeste, ambas com \u00edndice de 3,1%, aparecem em seguida. J\u00e1 a regi\u00e3o Sul teve eleva\u00e7\u00e3o de 1,4%. E o Centro-Oeste n\u00e3o apresentou aumento da atividade econ\u00f4mica no per\u00edodo.<\/p>\n<p>O economista Werton Oliveira, da Ekonomy Consultoria Econ\u00f4mica, de Jo\u00e3o Pessoa (PB) lista diversos fatores que colaboraram para o crescimento econ\u00f4mico do Nordeste no in\u00edcio de 2024, como a redu\u00e7\u00e3o do desemprego na regi\u00e3o.<\/p>\n<p>\u201cA gente percebe que grande parte desse crescimento se deve justamente \u00e0 queda nas taxas de desemprego aqui na regi\u00e3o. Consequentemente, elevou o n\u00edvel de rendimento m\u00e9dio real e influencia o consumo das fam\u00edlias, que impacta diretamente o n\u00edvel de atividade local\u201d, elenca Werton.<\/p>\n<p>Segundo a an\u00e1lise do Escrit\u00f3rio T\u00e9cnico de Estudos Econ\u00f4micos do Nordeste (Etene) \u2013 \u00e1rea de pesquisa do Banco do Nordeste \u2013, o avan\u00e7o em Com\u00e9rcio e Servi\u00e7os favoreceram a atividade econ\u00f4mica nordestina no in\u00edcio do ano.<\/p>\n<h2>Cear\u00e1 lidera crescimento <\/h2>\n<p>Entre os estados nordestinos, o Cear\u00e1 apresentou o maior crescimento no \u00edndice, sendo 4,4% no 1\u00b0 trimestre de 2024, em compara\u00e7\u00e3o ao mesmo per\u00edodo do ano anterior. Para o economista Werton Oliveira, o resultado do Cear\u00e1 vem a partir de um bom desempenho da ind\u00fastria local ao longo do tempo.<\/p>\n<p>\u201cO Cear\u00e1 tem tido um bom desempenho regional h\u00e1 muito tempo. A gente percebe uma mudan\u00e7a significativa na economia local e isso por si s\u00f3 gera uma melhora nos \u00edndices econ\u00f4micos. Esse resultado do 1\u00b0 trimestre s\u00f3 comprova o que a gente j\u00e1 vem observando, que ao longo desse tempo a ind\u00fastria local, principalmente, tem tido um bom desempenho frente aos outros estados da regi\u00e3o\u201d, salienta Werton Oliveira.<\/p>\n<p>J\u00e1 o conselheiro do Conselho Regional de Economia (Corecon-CE), Davi Azim Filho, destaca o papel do setor de servi\u00e7os para a economia do estado do Cear\u00e1 e menciona outros aspectos que contribu\u00edram para o \u00edndice. <\/p>\n<p>\u201cNossa voca\u00e7\u00e3o, enquanto o aspecto econ\u00f4mico, \u00e9 realmente voltado para o setor de servi\u00e7o. Basta ver como anda o Produto Interno Bruto do estado do Cear\u00e1. O setor de servi\u00e7o realmente contribui de forma significativa para o resultado. Quando avalia-se tamb\u00e9m alguns aspectos pormenores, ao verificar os servi\u00e7os prestados \u00e0s fam\u00edlias, verifica-se que s\u00e3o contabilizados ocupa\u00e7\u00f5es art\u00edsticas tamb\u00e9m e outros servi\u00e7os voltados \u00e0 quest\u00e3o pessoal. Isso tamb\u00e9m contribui para esse \u00edndice\u201d, afirma Azim.<\/p>\n<p>Na avalia\u00e7\u00e3o de Davi Azim Filho, para os resultados demonstrarem um real desenvolvimento econ\u00f4mico para o Cear\u00e1 tamb\u00e9m \u00e9 preciso analisar se h\u00e1 aumento na renda dos trabalhadores cearenses do estado. <\/p>\n<p>\u201c\u00c9 necess\u00e1rio que a gente analise bem se h\u00e1 um aumento da renda, se realmente h\u00e1 uma distribui\u00e7\u00e3o melhor da renda no estado, de uma forma mais homog\u00eanea, para que esse bom desempenho realmente signifique desenvolvimento econ\u00f4mico e que tamb\u00e9m signifique maior n\u00edvel de renda para o trabalhador cearense\u201d, pontua Azim. <\/p>\n<p>De acordo com o Etene, o crescimento da economia do Cear\u00e1 est\u00e1 atrelado, em especial, ao avan\u00e7o das vendas do com\u00e9rcio varejista (9,1%). Davi Azim Filho destaca a influ\u00eancia do setor, mas alerta para poss\u00edvel endividamento familiar em decorr\u00eancia da oferta de cr\u00e9dito.<\/p>\n<p>\u201cO crescimento do varejo, ele sempre est\u00e1 muito atrelado a uma oferta maior de cr\u00e9dito para o consumidor, ou mesmo leve aumento de renda; as pessoas \u00e0s vezes est\u00e3o desocupadas e passam a ter alguma ocupa\u00e7\u00e3o. \u00c9 claro que esse \u00edndice de atividade econ\u00f4mica tem sim a sua contribui\u00e7\u00e3o nisso, agora o que preocupa tamb\u00e9m \u00e9 a quest\u00e3o do endividamento das fam\u00edlias cearenses. \u00c9 necess\u00e1rio que as pessoas tenham educa\u00e7\u00e3o financeira\u201d, exp\u00f5e Azim. <\/p>\n<p>Em rela\u00e7\u00e3o a outros estados do nordeste, a Bahia apresentou aumento de 3,1% no \u00edndice de atividade estadual. J\u00e1 Pernambuco apresentou eleva\u00e7\u00e3o de 2,5%, pela \u00f3tica do \u00edndice de atividade econ\u00f4mica do Bacen.<\/p>\n<h2>Pr\u00f3ximos meses<\/h2>\n<p>O economista Werton Oliveira avalia que as perspectivas econ\u00f4micas para o pr\u00f3ximo trimestre s\u00e3o positivas, tendo em vista a queda do desemprego e o aumento do consumo das fam\u00edlias.<\/p>\n<p>\u201cLevando em considera\u00e7\u00e3o os resultados do mercado de trabalho, com queda na taxa de desemprego e eleva\u00e7\u00e3o na renda real da popula\u00e7\u00e3o, a gente espera que a economia do Nordeste continue crescendo acentuadamente nos pr\u00f3ximos semestres, justamente por conta desse bom momento do consumo das fam\u00edlias. Ent\u00e3o, o consumo das fam\u00edlias puxa muito o crescimento local, j\u00e1 que a gente \u00e9 uma regi\u00e3o muito forte nessa \u00e1rea, n\u00e3o temos muita ind\u00fastria como tem o Sudeste. Do ponto de vista regional, a gente percebe que a gente vai ter um crescimento mais acentuado neste pr\u00f3ximo trimestre\u201d, afirma Werton Oliveira.<\/p>\n<p>J\u00e1 o conselheiro do Corecon-CE, Davi Azim Filho, salienta que os resultados dependem da din\u00e2mica da economia nacional.<\/p>\n<p>\u201cA expectativa \u00e9 de que pelo menos consigamos manter essa atividade econ\u00f4mica da forma que est\u00e1. Mas realmente vai ser necess\u00e1rio analisar como anda a economia nacional para os impactos que v\u00e3o acontecer para o estado do Cear\u00e1 e como vai estar a situa\u00e7\u00e3o fiscal do estado. Se ela estiver degradada, realmente a coisa n\u00e3o vai ser t\u00e3o boa para a atividade econ\u00f4mica. \u00c9 necess\u00e1rio que o estado do Cear\u00e1 amplie a capacidade de atra\u00e7\u00e3o de investimentos privados maiores ainda para podermos criar um ambiente mais prop\u00edcio\u201d, destaca Davi Azim Filho. <\/p>\n<p> Fonte: Brasil61<\/p>\n<input type=\"hidden\" id=\"baseurl\" value=\"https:\/\/noticiasdestaque.com.br\"><input type=\"hidden\" id=\"audio_nonce\" value=\"eb7638fb71\">","protected":false},"excerpt":{"rendered":"<p> O \u00edndice de atividade IBCR-NE do Banco Central do Brasil (Bacen) aponta que a economia nordestina avan\u00e7ou 3,2% no 1\u00ba trimestre de 2024. O Cear\u00e1 apresentou o maior crescimento no \u00edndice, sendo 4,4%, com avan\u00e7o do com\u00e9rcio varejista (9,1%). <\/p>\n","protected":false},"author":1,"featured_media":14387,"comment_status":"open","ping_status":"open","sticky":false,"template":"","format":"standard","meta":{"fifu_image_url":"","fifu_image_alt":"","footnotes":""},"categories":[1],"tags":[107],"class_list":["post-14385","post","type-post","status-publish","format-standard","has-post-thumbnail","hentry","category-uncategorized","tag-closer-vendedor-milionario"],"distributor_meta":false,"distributor_terms":false,"distributor_media":false,"distributor_original_site_name":"Noticias em Destaque","distributor_original_site_url":"https:\/\/noticiasdestaque.com.br","push-errors":false,"_links":{"self":[{"href":"https:\/\/noticiasdestaque.com.br\/index.php\/wp-json\/wp\/v2\/posts\/14385","targetHints":{"allow":["GET"]}}],"collection":[{"href":"https:\/\/noticiasdestaque.com.br\/index.php\/wp-json\/wp\/v2\/posts"}],"about":[{"href":"https:\/\/noticiasdestaque.com.br\/index.php\/wp-json\/wp\/v2\/types\/post"}],"author":[{"embeddable":true,"href":"https:\/\/noticiasdestaque.com.br\/index.php\/wp-json\/wp\/v2\/users\/1"}],"replies":[{"embeddable":true,"href":"https:\/\/noticiasdestaque.com.br\/index.php\/wp-json\/wp\/v2\/comments?post=14385"}],"version-history":[{"count":1,"href":"https:\/\/noticiasdestaque.com.br\/index.php\/wp-json\/wp\/v2\/posts\/14385\/revisions"}],"predecessor-version":[{"id":14386,"href":"https:\/\/noticiasdestaque.com.br\/index.php\/wp-json\/wp\/v2\/posts\/14385\/revisions\/14386"}],"wp:featuredmedia":[{"embeddable":true,"href":"https:\/\/noticiasdestaque.com.br\/index.php\/wp-json\/wp\/v2\/media\/14387"}],"wp:attachment":[{"href":"https:\/\/noticiasdestaque.com.br\/index.php\/wp-json\/wp\/v2\/media?parent=14385"}],"wp:term":[{"taxonomy":"category","embeddable":true,"href":"https:\/\/noticiasdestaque.com.br\/index.php\/wp-json\/wp\/v2\/categories?post=14385"},{"taxonomy":"post_tag","embeddable":true,"href":"https:\/\/noticiasdestaque.com.br\/index.php\/wp-json\/wp\/v2\/tags?post=14385"}],"curies":[{"name":"wp","href":"https:\/\/api.w.org\/{rel}","templated":true}]}}