{"id":14380,"date":"2024-07-05T10:34:00","date_gmt":"2024-07-05T13:34:00","guid":{"rendered":"https:\/\/noticiasdestaque.com.br\/index.php\/2024\/07\/05\/em-concurso-de-beleza-internacional-brasileiras-sao-eleitas-miss-universo-infantil\/"},"modified":"2024-07-05T10:34:00","modified_gmt":"2024-07-05T13:34:00","slug":"em-concurso-de-beleza-internacional-brasileiras-sao-eleitas-miss-universo-infantil","status":"publish","type":"post","link":"https:\/\/noticiasdestaque.com.br\/index.php\/2024\/07\/05\/em-concurso-de-beleza-internacional-brasileiras-sao-eleitas-miss-universo-infantil\/","title":{"rendered":"Em concurso de beleza internacional, brasileiras s\u00e3o eleitas Miss Universo Infantil"},"content":{"rendered":"\n<p>No \u00faltimo s\u00e1bado (30\/06) em Cartagena de \u00cdndias \/ Col\u00f4mbia as brasileiras <strong>Sofia Moraes<\/strong> (09 Anos) e <strong>Iasmyn Justen<\/strong> (13 Anos) conquistaram os t\u00edtulos de Mini e Little Universo 2024. Sofia, \u00e9 natural de Teresina \/ Piau\u00ed e Iasmyn reside em Tabapor\u00e3 \/ Mato Grosso!<\/p>\n\n\n\n<p>O Mini Universo recebe meninas com idades entre 03 \/ 16 anos de idade, e \u00e9 o maior evento infantil para crian\u00e7as e pr\u00e9-adolescentes do mundo, e este ano comemorou a sua 8\u00aa Edi\u00e7\u00e3o. O seu principal objetivo \u00e9 revelar novos talentos kids para tornarem se grandes estrelas no futuro!<\/p>\n\n\n\n<figure class=\"wp-block-gallery has-nested-images columns-1 is-cropped wp-block-gallery-1 is-layout-flex wp-block-gallery-is-layout-flex\">\n<figure class=\"wp-block-image size-large\"><img decoding=\"async\" data-id=\"53604\" src=\"https:\/\/celebs.com.br\/wp-content\/uploads\/2024\/07\/IMG_8791-1.jpg\" alt=\"\" class=\"wp-image-53604\"\/><figcaption class=\"wp-element-caption\">Mini Universo \u2013 Sofia Moraes (Brasil)<\/figcaption><\/figure>\n\n\n\n<figure class=\"wp-block-image size-large\"><img decoding=\"async\" data-id=\"53607\" src=\"https:\/\/celebs.com.br\/wp-content\/uploads\/2024\/07\/IMG_8794-1.jpg\" alt=\"\" class=\"wp-image-53607\"\/><figcaption class=\"wp-element-caption\">Little Universo \u2013 Iasmyn Justen (Brasil)<\/figcaption><\/figure>\n<\/figure>\n\n\n\n<p>As 21 participantes vindas de diversos pa\u00edses do mundo chegaram na Col\u00f4mbia em 24\/6, e at\u00e9 a grande final (30) participaram de v\u00e1rios compromissos, entre eles: Entrevista Pessoal, Desafio Fitness, Etapa de Talentos, Preliminar em Traje T\u00edpico e Traje de Gala, al\u00e9m de v\u00e1rios ensaios, passeios e um incr\u00edvel interc\u00e2mbio cultural.<\/p>\n\n\n\n<p>As brasileiras conquistaram o direito de representar o Brasil na etapa internacional ap\u00f3s as suas participa\u00e7\u00f5es no Pequena Miss Brasil que aconteceu em mar\u00e7o deste ano no Parque Beto Carrero World em Santa Catarina.<\/p>\n\n\n\n<p>Durante o ano de reinado, al\u00e9m de promover o t\u00edtulo internacional, elas deveram estar envolvidas em causas e projetos sociais, al\u00e9m de participar de eventos filantr\u00f3picos e beneficentes.<\/p>\n\n\n\n<h2 class=\"wp-block-heading\">Resultados Oficiais:<\/h2>\n\n\n\n<p>Baby Universo \u2013 Alena Cardona (Panam\u00e1)<\/p>\n\n\n\n<p>Mini Universo \u2013 Sofia Moraes (Brasil)<\/p>\n\n\n\n<p>Little Universo \u2013 Iasmyn Justen (Brasil)<\/p>\n\n\n\n<p>Teen Universo \u2013 Lucia Monsalve (Venezuela)<\/p>\n\n\n\n<p><\/p>\n\n\n\n<figure class=\"wp-block-gallery has-nested-images columns-1 is-cropped wp-block-gallery-2 is-layout-flex wp-block-gallery-is-layout-flex\">\n<figure class=\"wp-block-image size-large\"><img decoding=\"async\" data-id=\"53609\" src=\"https:\/\/celebs.com.br\/wp-content\/uploads\/2024\/07\/IMG_8796-1.jpg\" alt=\"\" class=\"wp-image-53609\"\/><\/figure>\n\n\n\n<figure class=\"wp-block-image size-large\"><img decoding=\"async\" data-id=\"53608\" src=\"https:\/\/celebs.com.br\/wp-content\/uploads\/2024\/07\/IMG_8795-1.jpg\" alt=\"\" class=\"wp-image-53608\"\/><\/figure>\n\n\n\n<figure class=\"wp-block-image size-large\"><img decoding=\"async\" data-id=\"53606\" src=\"https:\/\/celebs.com.br\/wp-content\/uploads\/2024\/07\/IMG_8793-1.jpg\" alt=\"\" class=\"wp-image-53606\"\/><\/figure>\n\n\n\n<figure class=\"wp-block-image size-large\"><img decoding=\"async\" data-id=\"53605\" src=\"https:\/\/celebs.com.br\/wp-content\/uploads\/2024\/07\/IMG_8792-1.jpg\" alt=\"\" class=\"wp-image-53605\"\/><\/figure>\n<\/figure>\n\n\n\n<p><strong>Autor: Eduardo Santos<\/strong><\/p>\n<input type=\"hidden\" id=\"baseurl\" value=\"https:\/\/noticiasdestaque.com.br\"><input type=\"hidden\" id=\"audio_nonce\" value=\"eb7638fb71\">","protected":false},"excerpt":{"rendered":"<p>No \u00faltimo s\u00e1bado (30\/06) em Cartagena de \u00cdndias \/ Col\u00f4mbia as brasileiras Sofia Moraes (09 Anos) e Iasmyn Justen (13 Anos) conquistaram os t\u00edtulos de Mini e Little Universo 2024. Sofia, \u00e9 natural de Teresina \/ Piau\u00ed e Iasmyn reside em Tabapor\u00e3 \/ Mato Grosso! O Mini Universo recebe meninas com idades entre 03 \/ [&hellip;]<\/p>\n","protected":false},"author":1,"featured_media":14381,"comment_status":"open","ping_status":"open","sticky":false,"template":"","format":"standard","meta":{"fifu_image_url":"","fifu_image_alt":"","footnotes":""},"categories":[52,86],"tags":[],"class_list":["post-14380","post","type-post","status-publish","format-standard","has-post-thumbnail","hentry","category-entretenimento","category-moda"],"distributor_meta":false,"distributor_terms":false,"distributor_media":false,"distributor_original_site_name":"Portal de Recupera\u00e7\u00e3o","distributor_original_site_url":"https:\/\/portalderecuperacao.com","push-errors":false,"_links":{"self":[{"href":"https:\/\/noticiasdestaque.com.br\/index.php\/wp-json\/wp\/v2\/posts\/14380","targetHints":{"allow":["GET"]}}],"collection":[{"href":"https:\/\/noticiasdestaque.com.br\/index.php\/wp-json\/wp\/v2\/posts"}],"about":[{"href":"https:\/\/noticiasdestaque.com.br\/index.php\/wp-json\/wp\/v2\/types\/post"}],"author":[{"embeddable":true,"href":"https:\/\/noticiasdestaque.com.br\/index.php\/wp-json\/wp\/v2\/users\/1"}],"replies":[{"embeddable":true,"href":"https:\/\/noticiasdestaque.com.br\/index.php\/wp-json\/wp\/v2\/comments?post=14380"}],"version-history":[{"count":0,"href":"https:\/\/noticiasdestaque.com.br\/index.php\/wp-json\/wp\/v2\/posts\/14380\/revisions"}],"wp:featuredmedia":[{"embeddable":true,"href":"https:\/\/noticiasdestaque.com.br\/index.php\/wp-json\/wp\/v2\/media\/14381"}],"wp:attachment":[{"href":"https:\/\/noticiasdestaque.com.br\/index.php\/wp-json\/wp\/v2\/media?parent=14380"}],"wp:term":[{"taxonomy":"category","embeddable":true,"href":"https:\/\/noticiasdestaque.com.br\/index.php\/wp-json\/wp\/v2\/categories?post=14380"},{"taxonomy":"post_tag","embeddable":true,"href":"https:\/\/noticiasdestaque.com.br\/index.php\/wp-json\/wp\/v2\/tags?post=14380"}],"curies":[{"name":"wp","href":"https:\/\/api.w.org\/{rel}","templated":true}]}}