{"id":14377,"date":"2024-07-04T14:59:00","date_gmt":"2024-07-04T14:59:00","guid":{"rendered":"https:\/\/noticiasdestaque.com.br\/index.php\/2024\/07\/04\/censo-escolar-inep-prorroga-prazo-para-declarar-dados-no-rs\/"},"modified":"2024-07-04T14:59:00","modified_gmt":"2024-07-04T14:59:00","slug":"censo-escolar-inep-prorroga-prazo-para-declarar-dados-no-rs","status":"publish","type":"post","link":"https:\/\/noticiasdestaque.com.br\/index.php\/2024\/07\/04\/censo-escolar-inep-prorroga-prazo-para-declarar-dados-no-rs\/","title":{"rendered":"Censo Escolar 2024: Inep prorroga prazo para declarar dados no RS"},"content":{"rendered":"<style> bloco.meta {font-style: italic; color: #666;font-weight: 600;font-size: .8em; \/* line-height: .3em; *\/}  text h2 { font-weight: 700 !important;  color: #062f46 !important;} text img { width: none; left: none;}<\/style>\n<\/p>\n<p>O Instituto Nacional de Estudos e Pesquisas Educacionais An\u00edsio Teixeira (Inep) prorrogou para 31 de agosto o prazo final para coleta de dados da 1\u00aa etapa do Censo Escolar 2024 para toda a rede de ensino do Rio Grande do Sul. A medida excepcional foi adotada devido \u00e0s enchentes e \u00e0 situa\u00e7\u00e3o de calamidade p\u00fablica que atingiram o estado em maio.<aimg src=\"https:\/\/aagenciabrasil.ebc.com.br\/ebc.apng?id=1602721 o=node\" style=\"width:1px; height:1px; display:inline;\"><\/aimg><aimg src=\"https:\/\/aagenciabrasil.ebc.com.br\/ebc.agif?id=1602721 o=node\" style=\"width:1px; height:1px; display:inline;\"><\/aimg><\/p>\n<p>O Censo Escolar \u00e9 a principal pesquisa estat\u00edstica da educa\u00e7\u00e3o b\u00e1sica e \u00e9 realizado em regime de colabora\u00e7\u00e3o entre as secretarias estaduais e municipais de Educa\u00e7\u00e3o, com a participa\u00e7\u00e3o de todas as escolas p\u00fablicas e privadas do pa\u00eds.<\/p>\n<p>Os respons\u00e1veis por declarar as informa\u00e7\u00f5es devem preencher os formul\u00e1rios de modo online ou por meio da migra\u00e7\u00e3o de dados, no <a href=\"https:\/\/censobasico.inep.gov.br\/censobasico\/#\/\" target=\"_blank\">Sistema Educacens<\/a>. Mesmo com a prorroga\u00e7\u00e3o, os dados do Censo Escolar continuam a ter como refer\u00eancia a realidade escolar da \u00faltima quarta-feira do m\u00eas de maio, dia 29 daquele m\u00eas, para todo o pa\u00eds.<\/p>\n<h2>Censo Escolar<\/h2>\n<p>O levantamento do Censo Escolar abrange as diferentes etapas e modalidades da educa\u00e7\u00e3o b\u00e1sica: ensino regular, educa\u00e7\u00e3o especial, educa\u00e7\u00e3o de jovens e adultos (EJA) e educa\u00e7\u00e3o profissional e tecnol\u00f3gica.<\/p>\n<p>Os indicadores possibilitam monitorar o desenvolvimento da educa\u00e7\u00e3o brasileira e a efetividade das pol\u00edticas p\u00fablicas educacionais. As estat\u00edsticas do Censo Escolar contribuem para que os atores educacionais possam compreender a situa\u00e7\u00e3o educacional do Brasil, das unidades federativas e dos munic\u00edpios, bem como das escolas.<\/p>\n<p>As estat\u00edsticas de matr\u00edculas servem de base para o repasse de recursos do governo federal e para o planejamento e a divulga\u00e7\u00e3o das avalia\u00e7\u00f5es realizadas pelo Inep.<\/p>\n<p>Parte dos indicadores tamb\u00e9m \u00e9 refer\u00eancia para o monitoramento e cumprimento das metas do Plano Nacional da Educa\u00e7\u00e3o (PNE), diz o Inep.<\/p>\n<p class=\"alt-font font-italic my-2 small text-info\">\n                                                Edi\u00e7\u00e3o:   Maria Claudia                    <\/p>\n<p>            <!-- blog End --><\/p>\n<p>            <!-- tag and share --><\/p>\n<p> Fonte: EBC <\/p>\n<input type=\"hidden\" id=\"baseurl\" value=\"https:\/\/noticiasdestaque.com.br\"><input type=\"hidden\" id=\"audio_nonce\" value=\"eb7638fb71\">","protected":false},"excerpt":{"rendered":"<p>Redes de ensino ga\u00fachas podem prestar informa\u00e7\u00f5es at\u00e9 31 de agosto<\/p>\n","protected":false},"author":1,"featured_media":14379,"comment_status":"open","ping_status":"open","sticky":false,"template":"","format":"standard","meta":{"fifu_image_url":"","fifu_image_alt":"","footnotes":""},"categories":[1],"tags":[106],"class_list":["post-14377","post","type-post","status-publish","format-standard","has-post-thumbnail","hentry","category-uncategorized","tag-brunna-pareja"],"distributor_meta":false,"distributor_terms":false,"distributor_media":false,"distributor_original_site_name":"Noticias em Destaque","distributor_original_site_url":"https:\/\/noticiasdestaque.com.br","push-errors":false,"_links":{"self":[{"href":"https:\/\/noticiasdestaque.com.br\/index.php\/wp-json\/wp\/v2\/posts\/14377","targetHints":{"allow":["GET"]}}],"collection":[{"href":"https:\/\/noticiasdestaque.com.br\/index.php\/wp-json\/wp\/v2\/posts"}],"about":[{"href":"https:\/\/noticiasdestaque.com.br\/index.php\/wp-json\/wp\/v2\/types\/post"}],"author":[{"embeddable":true,"href":"https:\/\/noticiasdestaque.com.br\/index.php\/wp-json\/wp\/v2\/users\/1"}],"replies":[{"embeddable":true,"href":"https:\/\/noticiasdestaque.com.br\/index.php\/wp-json\/wp\/v2\/comments?post=14377"}],"version-history":[{"count":1,"href":"https:\/\/noticiasdestaque.com.br\/index.php\/wp-json\/wp\/v2\/posts\/14377\/revisions"}],"predecessor-version":[{"id":14378,"href":"https:\/\/noticiasdestaque.com.br\/index.php\/wp-json\/wp\/v2\/posts\/14377\/revisions\/14378"}],"wp:featuredmedia":[{"embeddable":true,"href":"https:\/\/noticiasdestaque.com.br\/index.php\/wp-json\/wp\/v2\/media\/14379"}],"wp:attachment":[{"href":"https:\/\/noticiasdestaque.com.br\/index.php\/wp-json\/wp\/v2\/media?parent=14377"}],"wp:term":[{"taxonomy":"category","embeddable":true,"href":"https:\/\/noticiasdestaque.com.br\/index.php\/wp-json\/wp\/v2\/categories?post=14377"},{"taxonomy":"post_tag","embeddable":true,"href":"https:\/\/noticiasdestaque.com.br\/index.php\/wp-json\/wp\/v2\/tags?post=14377"}],"curies":[{"name":"wp","href":"https:\/\/api.w.org\/{rel}","templated":true}]}}