{"id":14374,"date":"2024-07-04T14:29:00","date_gmt":"2024-07-04T14:29:00","guid":{"rendered":"https:\/\/noticiasdestaque.com.br\/index.php\/2024\/07\/04\/arroz-governo-industria-e-produtor-fazem-acordo-para-monitorar-preco\/"},"modified":"2024-07-04T14:29:00","modified_gmt":"2024-07-04T14:29:00","slug":"arroz-governo-industria-e-produtor-fazem-acordo-para-monitorar-preco","status":"publish","type":"post","link":"https:\/\/noticiasdestaque.com.br\/index.php\/2024\/07\/04\/arroz-governo-industria-e-produtor-fazem-acordo-para-monitorar-preco\/","title":{"rendered":"Arroz: governo, ind\u00fastria e produtor fazem acordo para monitorar pre\u00e7o"},"content":{"rendered":"<style> bloco.meta {font-style: italic; color: #666;font-weight: 600;font-size: .8em; \/* line-height: .3em; *\/}  text h2 { font-weight: 700 !important;  color: #062f46 !important;} text img { width: none; left: none;}<\/style>\n<\/p>\n<p>Ap\u00f3s se reunir com representantes da ind\u00fastria e produtores de arroz, o Minist\u00e9rio da Agricultura e Pecu\u00e1ria firmou um compromisso para monitorar pre\u00e7os e estoques do produto no pa\u00eds. A declara\u00e7\u00e3o foi feita nesta quinta-feira (4) pelo chefe da pasta, Carlos F\u00e1varo, durante o programa Bom Dia, Ministro, produzido pela <strong>Empresa Brasil de Comunica\u00e7\u00e3o (EBC)<\/strong>.<aimg src=\"https:\/\/aagenciabrasil.ebc.com.br\/ebc.apng?id=1602719 o=node\" style=\"width:1px; height:1px; display:inline;\"><\/aimg><aimg src=\"https:\/\/aagenciabrasil.ebc.com.br\/ebc.agif?id=1602719 o=node\" style=\"width:1px; height:1px; display:inline;\"><\/aimg><\/p>\n<p>\u201cJ\u00e1 que todos concordamos que h\u00e1 arroz suficiente, esse arroz tem que chegar r\u00e1pido \u00e0 mesa, com pre\u00e7o justo e bater a especula\u00e7\u00e3o. Vamos monitorar. Na medida em que os pre\u00e7os normalizem e n\u00e3o haja especula\u00e7\u00e3o, n\u00e3o se faz mais necess\u00e1rio ter leil\u00e3o\u201d, disse. No m\u00eas passado, o governo chegou a realizar leil\u00e3o p\u00fablico para a compra de arroz importado, mas a licita\u00e7\u00e3o foi anulada devido a questionamentos sobre a capacidade t\u00e9cnica e financeira das empresas vencedoras.<\/p>\n<p>\u201cFoi toda uma pol\u00eamica. Com o edital, s\u00f3 depois \u00e9 que a gente sabe quem s\u00e3o os vendedores do arroz \u2013 e aqui n\u00e3o estou fazendo nenhuma cr\u00edtica pessoal. Parecia que nem todos teriam capacidade t\u00e9cnica para entregar arroz de qualidade. E n\u00f3s temos que ter responsabilidade com o dinheiro p\u00fablico. Tomamos a decis\u00e3o dif\u00edcil de cancelar o leil\u00e3o e monitorar os pre\u00e7os do arroz.\u201d<\/p>\n<p>Para o ministro, o cancelamento do preg\u00e3o serviu para \u201cdar um freio de arruma\u00e7\u00e3o\u201d. \u201cA especula\u00e7\u00e3o no Mercosul cessou, os produtores ga\u00fachos puderam come\u00e7ar, junto com a ind\u00fastria, a normalizar as entregas. Ainda h\u00e1 algumas regi\u00f5es onde o pre\u00e7o est\u00e1 elevado, mais longe da regi\u00e3o produtora. Por exemplo: em Manaus, o pre\u00e7o do arroz ainda est\u00e1 fora do normal. Em Recife, ainda est\u00e1 fora da normalidade\u201d.<\/p>\n<p>\u201cParalelo a isso [monitoramento de pre\u00e7os e estoques], vamos estimular o plantio de arroz. \u00c9 determina\u00e7\u00e3o do presidente Lula que a gente plante mais arroz, que a gente tenha arroz como temos soja, milho, carne bovina e su\u00edna, aves. Em abund\u00e2ncia. Se sobrar, vamos exportar, gerar renda no campo e excedentes na balan\u00e7a comercial brasileira\u201d, concluiu F\u00e1varo.<\/p>\n<p class=\"alt-font font-italic my-2 small text-info\">\n                                                Edi\u00e7\u00e3o:   Val\u00e9ria Aguiar                    <\/p>\n<p>            <!-- blog End --><\/p>\n<p>            <!-- tag and share --><\/p>\n<p> Fonte: EBC <\/p>\n<input type=\"hidden\" id=\"baseurl\" value=\"https:\/\/noticiasdestaque.com.br\"><input type=\"hidden\" id=\"audio_nonce\" value=\"eb7638fb71\">","protected":false},"excerpt":{"rendered":"<p>Carlos F\u00e1varo falou durante o programa Bom Dia, Ministro<\/p>\n","protected":false},"author":1,"featured_media":14376,"comment_status":"open","ping_status":"open","sticky":false,"template":"","format":"standard","meta":{"fifu_image_url":"","fifu_image_alt":"","footnotes":""},"categories":[1],"tags":[106],"class_list":["post-14374","post","type-post","status-publish","format-standard","has-post-thumbnail","hentry","category-uncategorized","tag-brunna-pareja"],"distributor_meta":false,"distributor_terms":false,"distributor_media":false,"distributor_original_site_name":"Noticias em Destaque","distributor_original_site_url":"https:\/\/noticiasdestaque.com.br","push-errors":false,"_links":{"self":[{"href":"https:\/\/noticiasdestaque.com.br\/index.php\/wp-json\/wp\/v2\/posts\/14374","targetHints":{"allow":["GET"]}}],"collection":[{"href":"https:\/\/noticiasdestaque.com.br\/index.php\/wp-json\/wp\/v2\/posts"}],"about":[{"href":"https:\/\/noticiasdestaque.com.br\/index.php\/wp-json\/wp\/v2\/types\/post"}],"author":[{"embeddable":true,"href":"https:\/\/noticiasdestaque.com.br\/index.php\/wp-json\/wp\/v2\/users\/1"}],"replies":[{"embeddable":true,"href":"https:\/\/noticiasdestaque.com.br\/index.php\/wp-json\/wp\/v2\/comments?post=14374"}],"version-history":[{"count":1,"href":"https:\/\/noticiasdestaque.com.br\/index.php\/wp-json\/wp\/v2\/posts\/14374\/revisions"}],"predecessor-version":[{"id":14375,"href":"https:\/\/noticiasdestaque.com.br\/index.php\/wp-json\/wp\/v2\/posts\/14374\/revisions\/14375"}],"wp:featuredmedia":[{"embeddable":true,"href":"https:\/\/noticiasdestaque.com.br\/index.php\/wp-json\/wp\/v2\/media\/14376"}],"wp:attachment":[{"href":"https:\/\/noticiasdestaque.com.br\/index.php\/wp-json\/wp\/v2\/media?parent=14374"}],"wp:term":[{"taxonomy":"category","embeddable":true,"href":"https:\/\/noticiasdestaque.com.br\/index.php\/wp-json\/wp\/v2\/categories?post=14374"},{"taxonomy":"post_tag","embeddable":true,"href":"https:\/\/noticiasdestaque.com.br\/index.php\/wp-json\/wp\/v2\/tags?post=14374"}],"curies":[{"name":"wp","href":"https:\/\/api.w.org\/{rel}","templated":true}]}}