{"id":14368,"date":"2024-07-04T12:59:00","date_gmt":"2024-07-04T12:59:00","guid":{"rendered":"https:\/\/noticiasdestaque.com.br\/index.php\/2024\/07\/04\/stf-sugere-meta-anual-para-reducao-da-letalidade-policial-no-rio\/"},"modified":"2024-07-04T12:59:00","modified_gmt":"2024-07-04T12:59:00","slug":"stf-sugere-meta-anual-para-reducao-da-letalidade-policial-no-rio","status":"publish","type":"post","link":"https:\/\/noticiasdestaque.com.br\/index.php\/2024\/07\/04\/stf-sugere-meta-anual-para-reducao-da-letalidade-policial-no-rio\/","title":{"rendered":"STF sugere meta anual para redu\u00e7\u00e3o da letalidade policial no Rio"},"content":{"rendered":"<style> bloco.meta {font-style: italic; color: #666;font-weight: 600;font-size: .8em; \/* line-height: .3em; *\/}  text h2 { font-weight: 700 !important;  color: #062f46 !important;} text img { width: none; left: none;}<\/style>\n<\/p>\n<p>Uma nota t\u00e9cnica elaborada por servidores do Supremo Tribunal Federal (STF) sugeriu a fixa\u00e7\u00e3o de meta anual para a redu\u00e7\u00e3o da letalidade policial no Rio de Janeiro.<aimg src=\"https:\/\/aagenciabrasil.ebc.com.br\/ebc.apng?id=1602678 o=node\" style=\"width:1px; height:1px; display:inline;\"><\/aimg><aimg src=\"https:\/\/aagenciabrasil.ebc.com.br\/ebc.agif?id=1602678 o=node\" style=\"width:1px; height:1px; display:inline;\"><\/aimg><\/p>\n<p>O documento foi anexado \u00e0 Argui\u00e7\u00e3o de Descumprimento de Preceito Fundamental (ADPF) n\u00ba 635, conhecida com ADPF das Favelas, e ser\u00e1 avaliado pelo ministro Edson Fachin, relator do caso.<\/p>\n<p>Na ter\u00e7a-feira (2), ap\u00f3s encontro com a c\u00fapula da seguran\u00e7a p\u00fablica do Rio, o ministro disse que o processo deve ser liberado para julgamento definitivo no segundo semestre deste ano. Caber\u00e1 ao presidente do STF, ministro Lu\u00eds Roberto Barroso, agendar o julgamento no plen\u00e1rio do tribunal. <\/p>\n<p>O parecer foi solicitado por Fachin e elaborado pelo N\u00facleo de Processos Estruturais e Complexos (Nupec) e pelo N\u00facleo de Solu\u00e7\u00e3o Consensual de Conflitos (Nusol), dois grupos de trabalho que auxiliam os ministros com estudos sobre causas de alta complexidade que s\u00e3o julgadas pela Corte.<\/p>\n<p>Al\u00e9m de fixa\u00e7\u00e3o da meta, a nota t\u00e9cnica tamb\u00e9m sugere que a decis\u00e3o final do Supremo torne obrigat\u00f3rio o acompanhamento psicol\u00f3gico para policiais envolvidos em mortes durante opera\u00e7\u00f5es. <\/p>\n<p>A cria\u00e7\u00e3o de um protocolo para a realiza\u00e7\u00e3o de opera\u00e7\u00f5es em regi\u00f5es pr\u00f3ximas \u00e0s escolas e unidades de sa\u00fade, o treinamento de policiais para atendimento m\u00e9dico \u00e0 popula\u00e7\u00e3o e a cria\u00e7\u00e3o de normas para garantir a participa\u00e7\u00e3o dos familiares de v\u00edtimas na investiga\u00e7\u00e3o tamb\u00e9m foram sugeridos.<\/p>\n<p>As sugest\u00f5es foram estabelecidas ap\u00f3s reuni\u00f5es realizadas no per\u00edodo de dezembro do ano passado a junho deste ano com todas as partes envolvidas no processo, como a Secretaria de Seguran\u00e7a P\u00fablica do Rio, o Minist\u00e9rio P\u00fablico, as policias Civil e Militar, incluindo o Batalh\u00e3o de Opera\u00e7\u00f5es Especiais (Bope), grupamento que realiza as principais opera\u00e7\u00f5es na capital fluminense.<\/p>\n<p>Ontem (3), ap\u00f3s receber a nota t\u00e9cnica, Fachin determinou que todos os envolvidos apresentem manifesta\u00e7\u00f5es finais sobre o caso. <\/p>\n<h2>Resultados<\/h2>\n<p>Com a ADPF, a Corte obrigou o uso de c\u00e2meras corporais nas fardas dos policiais e nas viaturas, al\u00e9m da determina\u00e7\u00e3o de aviso antecipado das opera\u00e7\u00f5es para autoridades das \u00e1reas de sa\u00fade e educa\u00e7\u00e3o a fim de proteger escolas e unidades de sa\u00fade de tiroteios entre policiais e criminosos. <\/p>\n<p>Segundo a nota t\u00e9cnica elaborada pelo Supremo, as decis\u00f5es, que foram tomadas a partir de 2020 contribu\u00edram para a diminui\u00e7\u00e3o da letalidade, conforme dados do Minist\u00e9rio P\u00fablico do Rio. Em 2020, 1,2 mil pessoas morreram durante interven\u00e7\u00f5es policiais. No ano passado, o n\u00famero passou para 871. Nos primeiros quatro meses de 2024, foram registrados 205 \u00f3bitos.<\/p>\n<p>No caso das c\u00e2meras, 100% do efetivo do Bope j\u00e1 utiliza o equipamento. Mais 13 mil c\u00e2meras est\u00e3o \u00e0 disposi\u00e7\u00e3o da Pol\u00edcia Militar do Rio. <\/p>\n<p>Confira as sugest\u00f5es do grupo de estudos do STF:<\/p>\n<p>&#8211; Meta anual de redu\u00e7\u00e3o da letalidade policial;<\/p>\n<p>&#8211; Avalia\u00e7\u00e3o psicol\u00f3gica de todos os policiais envolvidos em mortes;<\/p>\n<p>&#8211; Protocolo para opera\u00e7\u00f5es pr\u00f3ximas \u00e0s escolas e unidades de sa\u00fade;<\/p>\n<p>&#8211; Cria\u00e7\u00e3o de indicadores para avaliar atendimento pr\u00e9-hospitalar pelos policiais;<\/p>\n<p>&#8211; Participa\u00e7\u00e3o de familiares das v\u00edtimas na investiga\u00e7\u00e3o criminal;<\/p>\n<p>&#8211; Garantia de autonomia t\u00e9cnica e funcional \u00e0 pol\u00edcia cient\u00edfica;<\/p>\n<p>&#8211; Implementa\u00e7\u00e3o de obriga\u00e7\u00f5es para controle da atividade policial;<\/p>\n<p>&#8211; Divulga\u00e7\u00e3o de dados sobre mortes por interven\u00e7\u00e3o policial no estado;<\/p>\n<p>&#8211; Cria\u00e7\u00e3o de comiss\u00e3o para monitorar as medidas que forem determinadas pelo STF.<\/p>\n<p class=\"alt-font font-italic my-2 small text-info\">\n                                                Edi\u00e7\u00e3o:   Gra\u00e7a Adjuto                    <\/p>\n<p>            <!-- blog End --><\/p>\n<p>            <!-- tag and share --><\/p>\n<p> Fonte: EBC <\/p>\n<input type=\"hidden\" id=\"baseurl\" value=\"https:\/\/noticiasdestaque.com.br\"><input type=\"hidden\" id=\"audio_nonce\" value=\"581f3017e1\">","protected":false},"excerpt":{"rendered":"<p>Nos primeiros 4 meses do ano, 205 pessoas morreram durante opera\u00e7\u00f5es<\/p>\n","protected":false},"author":1,"featured_media":14370,"comment_status":"open","ping_status":"open","sticky":false,"template":"","format":"standard","meta":{"fifu_image_url":"","fifu_image_alt":"","footnotes":""},"categories":[1],"tags":[106],"class_list":["post-14368","post","type-post","status-publish","format-standard","has-post-thumbnail","hentry","category-uncategorized","tag-brunna-pareja"],"distributor_meta":false,"distributor_terms":false,"distributor_media":false,"distributor_original_site_name":"Noticias em Destaque","distributor_original_site_url":"https:\/\/noticiasdestaque.com.br","push-errors":false,"_links":{"self":[{"href":"https:\/\/noticiasdestaque.com.br\/index.php\/wp-json\/wp\/v2\/posts\/14368","targetHints":{"allow":["GET"]}}],"collection":[{"href":"https:\/\/noticiasdestaque.com.br\/index.php\/wp-json\/wp\/v2\/posts"}],"about":[{"href":"https:\/\/noticiasdestaque.com.br\/index.php\/wp-json\/wp\/v2\/types\/post"}],"author":[{"embeddable":true,"href":"https:\/\/noticiasdestaque.com.br\/index.php\/wp-json\/wp\/v2\/users\/1"}],"replies":[{"embeddable":true,"href":"https:\/\/noticiasdestaque.com.br\/index.php\/wp-json\/wp\/v2\/comments?post=14368"}],"version-history":[{"count":1,"href":"https:\/\/noticiasdestaque.com.br\/index.php\/wp-json\/wp\/v2\/posts\/14368\/revisions"}],"predecessor-version":[{"id":14369,"href":"https:\/\/noticiasdestaque.com.br\/index.php\/wp-json\/wp\/v2\/posts\/14368\/revisions\/14369"}],"wp:featuredmedia":[{"embeddable":true,"href":"https:\/\/noticiasdestaque.com.br\/index.php\/wp-json\/wp\/v2\/media\/14370"}],"wp:attachment":[{"href":"https:\/\/noticiasdestaque.com.br\/index.php\/wp-json\/wp\/v2\/media?parent=14368"}],"wp:term":[{"taxonomy":"category","embeddable":true,"href":"https:\/\/noticiasdestaque.com.br\/index.php\/wp-json\/wp\/v2\/categories?post=14368"},{"taxonomy":"post_tag","embeddable":true,"href":"https:\/\/noticiasdestaque.com.br\/index.php\/wp-json\/wp\/v2\/tags?post=14368"}],"curies":[{"name":"wp","href":"https:\/\/api.w.org\/{rel}","templated":true}]}}