{"id":14362,"date":"2024-07-04T11:29:00","date_gmt":"2024-07-04T11:29:00","guid":{"rendered":"https:\/\/noticiasdestaque.com.br\/index.php\/2024\/07\/04\/rio-vai-adotar-mecanismo-para-controle-de-enchentes-e-alagamentos\/"},"modified":"2024-07-04T11:29:00","modified_gmt":"2024-07-04T11:29:00","slug":"rio-vai-adotar-mecanismo-para-controle-de-enchentes-e-alagamentos","status":"publish","type":"post","link":"https:\/\/noticiasdestaque.com.br\/index.php\/2024\/07\/04\/rio-vai-adotar-mecanismo-para-controle-de-enchentes-e-alagamentos\/","title":{"rendered":"Rio vai adotar mecanismo para controle de enchentes e alagamentos"},"content":{"rendered":"<style> bloco.meta {font-style: italic; color: #666;font-weight: 600;font-size: .8em; \/* line-height: .3em; *\/}  text h2 { font-weight: 700 !important;  color: #062f46 !important;} text img { width: none; left: none;}<\/style>\n<\/p>\n<p>A cidade do Rio de Janeiro vai aplicar o conceito de \u201ccidade esponja\u201d a fim de controlar enchentes e alagamentos no munic\u00edpio. O modelo, usado em diversas cidades do mundo para evitar trag\u00e9dias ambientais, \u00e9 o ponto central da lei sancionada parcialmente nessa quarta-feira (3) pelo prefeito Eduardo Paes. A norma prev\u00ea a ado\u00e7\u00e3o de mecanismos sustent\u00e1veis de gest\u00e3o das \u00e1guas pluviais (chuvas).<aimg src=\"https:\/\/aagenciabrasil.ebc.com.br\/ebc.apng?id=1602675 o=node\" style=\"width:1px; height:1px; display:inline;\"><\/aimg><aimg src=\"https:\/\/aagenciabrasil.ebc.com.br\/ebc.agif?id=1602675 o=node\" style=\"width:1px; height:1px; display:inline;\"><\/aimg><\/p>\n<p>A finalidade \u00e9 reduzir a sobrecarga dos sistemas tradicionais de drenagem e garantir maior autossufici\u00eancia h\u00eddrica ao munic\u00edpio com o reabastecimento das \u00e1guas subterr\u00e2neas, uma consequ\u00eancia do aumento do volume de \u00e1guas pluviais naturalmente filtradas.<\/p>\n<p>Haver\u00e1 tamb\u00e9m a implementa\u00e7\u00e3o de pequenos jardins plantados com vegeta\u00e7\u00e3o adaptada, conhecidos como \u201cjardins de chuva\u201d, como um dos mecanismos que ser\u00e3o adotados para resistir aos alagamentos.<\/p>\n<p>O vereador William Siri (PSOL), autor do projeto, explica que o modelo de \u201cCidade Esponja\u201d consegue ter resultados maiores do que o modelo convencional de gest\u00e3o das \u00e1guas pluviais com armazenamento e reutiliza\u00e7\u00e3o. \u201cA implementa\u00e7\u00e3o desses mecanismos n\u00e3o apenas reduz o risco de inunda\u00e7\u00e3o, mas tamb\u00e9m melhora a qualidade da \u00e1gua, amplia sua disponibilidade e mitiga os efeitos das chamadas ilhas de calor, o que contribui para a regula\u00e7\u00e3o da temperatura, aumentando os espa\u00e7os verdes abertos e, consequentemente, a qualidade de vida\u201d, disse o parlamentar.<\/p>\n<h2>Veto<\/h2>\n<p>O prefeito Eduardo Paes vetou o par\u00e1grafo 5\u00ba do artigo 3\u00ba, que estima a implementa\u00e7\u00e3o de bueiros ecol\u00f3gicos, para evitar que o lixo das ruas entre nas galerias pluviais subterr\u00e2neas. Com isso, o projeto vai retornar para an\u00e1lise na C\u00e2mara dos Vereadores do Rio.<\/p>\n<p class=\"alt-font font-italic my-2 small text-info\">\n                                                Edi\u00e7\u00e3o:   Gra\u00e7a Adjuto                    <\/p>\n<p>            <!-- blog End --><\/p>\n<p>            <!-- tag and share --><\/p>\n<p> Fonte: EBC <\/p>\n<input type=\"hidden\" id=\"baseurl\" value=\"https:\/\/noticiasdestaque.com.br\"><input type=\"hidden\" id=\"audio_nonce\" value=\"581f3017e1\">","protected":false},"excerpt":{"rendered":"<p>Modelo &#8220;cidade esponja&#8221; \u00e9 usado em diversas regi\u00f5es no mundo<\/p>\n","protected":false},"author":1,"featured_media":14364,"comment_status":"open","ping_status":"open","sticky":false,"template":"","format":"standard","meta":{"fifu_image_url":"","fifu_image_alt":"","footnotes":""},"categories":[1],"tags":[106],"class_list":["post-14362","post","type-post","status-publish","format-standard","has-post-thumbnail","hentry","category-uncategorized","tag-brunna-pareja"],"distributor_meta":false,"distributor_terms":false,"distributor_media":false,"distributor_original_site_name":"Noticias em Destaque","distributor_original_site_url":"https:\/\/noticiasdestaque.com.br","push-errors":false,"_links":{"self":[{"href":"https:\/\/noticiasdestaque.com.br\/index.php\/wp-json\/wp\/v2\/posts\/14362","targetHints":{"allow":["GET"]}}],"collection":[{"href":"https:\/\/noticiasdestaque.com.br\/index.php\/wp-json\/wp\/v2\/posts"}],"about":[{"href":"https:\/\/noticiasdestaque.com.br\/index.php\/wp-json\/wp\/v2\/types\/post"}],"author":[{"embeddable":true,"href":"https:\/\/noticiasdestaque.com.br\/index.php\/wp-json\/wp\/v2\/users\/1"}],"replies":[{"embeddable":true,"href":"https:\/\/noticiasdestaque.com.br\/index.php\/wp-json\/wp\/v2\/comments?post=14362"}],"version-history":[{"count":1,"href":"https:\/\/noticiasdestaque.com.br\/index.php\/wp-json\/wp\/v2\/posts\/14362\/revisions"}],"predecessor-version":[{"id":14363,"href":"https:\/\/noticiasdestaque.com.br\/index.php\/wp-json\/wp\/v2\/posts\/14362\/revisions\/14363"}],"wp:featuredmedia":[{"embeddable":true,"href":"https:\/\/noticiasdestaque.com.br\/index.php\/wp-json\/wp\/v2\/media\/14364"}],"wp:attachment":[{"href":"https:\/\/noticiasdestaque.com.br\/index.php\/wp-json\/wp\/v2\/media?parent=14362"}],"wp:term":[{"taxonomy":"category","embeddable":true,"href":"https:\/\/noticiasdestaque.com.br\/index.php\/wp-json\/wp\/v2\/categories?post=14362"},{"taxonomy":"post_tag","embeddable":true,"href":"https:\/\/noticiasdestaque.com.br\/index.php\/wp-json\/wp\/v2\/tags?post=14362"}],"curies":[{"name":"wp","href":"https:\/\/api.w.org\/{rel}","templated":true}]}}