{"id":14356,"date":"2024-07-04T17:58:00","date_gmt":"2024-07-04T17:58:00","guid":{"rendered":"https:\/\/noticiasdestaque.com.br\/index.php\/2024\/07\/04\/esperanca-e-solidariedade-apos-a-tragedia\/"},"modified":"2024-07-04T17:58:00","modified_gmt":"2024-07-04T17:58:00","slug":"esperanca-e-solidariedade-apos-a-tragedia","status":"publish","type":"post","link":"https:\/\/noticiasdestaque.com.br\/index.php\/2024\/07\/04\/esperanca-e-solidariedade-apos-a-tragedia\/","title":{"rendered":"Esperan\u00e7a e solidariedade ap\u00f3s a trag\u00e9dia"},"content":{"rendered":"<p>\u201cNa minha casa, a \u00e1gua atingiu as paredes, portas e janelas, est\u00e1 tudo mofando por causa da umidade, mas eu ainda tive sorte. A casa da minha m\u00e3e ficou completamente destru\u00edda. Ela conta que essa enchente foi muito pior, muito mais triste do que a de 1941\u201d. O desabafo \u00e9 da dona de casa Maria Silveira Gon\u00e7alves, 63 anos, moradora do bairro Menino Deus, em Porto Alegre.<\/p>\n<p>A m\u00e3e da Maria, Olga Silveira Gon\u00e7alves, de 93 anos, mora ao lado da filha. \u201cMinha m\u00e3e tinha 11 anos quando pegou a enchente de 41. Ela conta que a levaram para o centro da cidade, foi bastante complicado tamb\u00e9m, mas a diferen\u00e7a \u00e9 que agora n\u00e3o sobrou absolutamente nada na casinha dela, onde eu nasci e cresci\u201d, lamenta a dona de casa.<\/p>\n<p>O relato da Maria \u00e9 semelhante ao de muitas v\u00edtimas do desastre. Para ajudar o povo ga\u00facho e acompanhar o trabalho de reconstru\u00e7\u00e3o do estado, uma comitiva ministerial desembarcou no Rio Grande do Sul nesta quarta-feira (3). Os ministros da Integra\u00e7\u00e3o e do Desenvolvimento Regional, Waldez G\u00f3es, da Secretaria Extraordin\u00e1ria da Presid\u00eancia da Rep\u00fablica de Apoio \u00e0 Reconstru\u00e7\u00e3o do Rio Grande do Sul, Paulo Pimenta, e da Cultura, Margareth Menezes, visitaram pontos atingidos pelas enchentes. O secret\u00e1rio nacional de Prote\u00e7\u00e3o e Defesa Civil, Wolnei Wolff, tamb\u00e9m estava presente.<\/p>\n<p>Pela manh\u00e3, os ministros visitaram o Museu de Arte do Rio Grande do Sul e acompanharam o trabalho de recupera\u00e7\u00e3o das obras de arte e documenta\u00e7\u00e3o. Em seguida, foram a Associa\u00e7\u00e3o Comunit\u00e1ria e Cultural Quilombola do Areal e ao Mercado P\u00fablico de Porto Alegre.<\/p>\n<p>\u201cA ministra Margareth Menezes veio ao Quilombo como parte da sua passagem pelo Rio Grande do Sul para investir no projeto de reconstru\u00e7\u00e3o do setor cultural. \u00c9 isso que o presidente Lula espera de n\u00f3s, ministros, todas as pol\u00edticas p\u00fablicas juntas, desde o momento de salvar vidas, abrigar e cuidar das pessoas at\u00e9 a reconstru\u00e7\u00e3o, que inclui obras, economia e o setor da cultura tamb\u00e9m. A nossa presen\u00e7a aqui \u00e9 a demonstra\u00e7\u00e3o do compromisso do Governo Federal com o povo ga\u00facho\u201d, disse o ministro Waldez.<\/p>\n<p>Nesta quarta (3), o Minist\u00e9rio da Cultura anunciou uma s\u00e9rie de a\u00e7\u00f5es voltadas aos agentes culturais do estado. &#8220;V\u00e1rios equipamentos culturais foram perdidos e isso impacta de uma maneira muito profunda na vida das pessoas da cultura, gestores, cantores, atores. Isso \u00e9 s\u00f3 o come\u00e7o dessa a\u00e7\u00e3o, a gente sabe que reconstruir o que foi perdido \u00e9 uma caminhada&#8221;, destacou a ministra Margareth.<\/p>\n<p>O ministro Pimenta ressaltou o esfor\u00e7o do Governo Federal para ajudar o Rio Grande do Sul e lamentou que o estado ainda esteja sofrendo com as consequ\u00eancias das enchentes. \u201cDesde o primeiro momento, estabelecemos como prioridade do nosso governo as a\u00e7\u00f5es de apoio \u00e0 reconstru\u00e7\u00e3o do Rio Grande do Sul. \u00c9 um enorme desafio, estamos h\u00e1 mais de 60 dias do in\u00edcio dessa trag\u00e9dia, mas, infelizmente, a gente anda pelas ruas do estado e ainda enxerga de forma muito n\u00edtida as consequ\u00eancias desse desastre. Teremos um enorme desafio pela frente e temos contado com uma onda de solidariedade, carinho e afeto, que emociona e inspira a todos n\u00f3s\u201d,<\/p>\n<\/p>\n<p>Fonte: MIDR<\/p>\n<p> Fonte: Brasil61<\/p>\n<input type=\"hidden\" id=\"baseurl\" value=\"https:\/\/noticiasdestaque.com.br\"><input type=\"hidden\" id=\"audio_nonce\" value=\"eb7638fb71\">","protected":false},"excerpt":{"rendered":"<p>Em visita ao Rio Grande do Sul, ministro Waldez G\u00f3es, conversou com o povo ga\u00facho e visitou \u00e1reas atingidas pelas enchentes<\/p>\n","protected":false},"author":1,"featured_media":14358,"comment_status":"open","ping_status":"open","sticky":false,"template":"","format":"standard","meta":{"fifu_image_url":"","fifu_image_alt":"","footnotes":""},"categories":[1],"tags":[106],"class_list":["post-14356","post","type-post","status-publish","format-standard","has-post-thumbnail","hentry","category-uncategorized","tag-brunna-pareja"],"distributor_meta":false,"distributor_terms":false,"distributor_media":false,"distributor_original_site_name":"Noticias em Destaque","distributor_original_site_url":"https:\/\/noticiasdestaque.com.br","push-errors":false,"_links":{"self":[{"href":"https:\/\/noticiasdestaque.com.br\/index.php\/wp-json\/wp\/v2\/posts\/14356","targetHints":{"allow":["GET"]}}],"collection":[{"href":"https:\/\/noticiasdestaque.com.br\/index.php\/wp-json\/wp\/v2\/posts"}],"about":[{"href":"https:\/\/noticiasdestaque.com.br\/index.php\/wp-json\/wp\/v2\/types\/post"}],"author":[{"embeddable":true,"href":"https:\/\/noticiasdestaque.com.br\/index.php\/wp-json\/wp\/v2\/users\/1"}],"replies":[{"embeddable":true,"href":"https:\/\/noticiasdestaque.com.br\/index.php\/wp-json\/wp\/v2\/comments?post=14356"}],"version-history":[{"count":1,"href":"https:\/\/noticiasdestaque.com.br\/index.php\/wp-json\/wp\/v2\/posts\/14356\/revisions"}],"predecessor-version":[{"id":14357,"href":"https:\/\/noticiasdestaque.com.br\/index.php\/wp-json\/wp\/v2\/posts\/14356\/revisions\/14357"}],"wp:featuredmedia":[{"embeddable":true,"href":"https:\/\/noticiasdestaque.com.br\/index.php\/wp-json\/wp\/v2\/media\/14358"}],"wp:attachment":[{"href":"https:\/\/noticiasdestaque.com.br\/index.php\/wp-json\/wp\/v2\/media?parent=14356"}],"wp:term":[{"taxonomy":"category","embeddable":true,"href":"https:\/\/noticiasdestaque.com.br\/index.php\/wp-json\/wp\/v2\/categories?post=14356"},{"taxonomy":"post_tag","embeddable":true,"href":"https:\/\/noticiasdestaque.com.br\/index.php\/wp-json\/wp\/v2\/tags?post=14356"}],"curies":[{"name":"wp","href":"https:\/\/api.w.org\/{rel}","templated":true}]}}